{"id":927,"date":"2014-03-21T18:25:41","date_gmt":"2014-03-21T18:25:41","guid":{"rendered":"http:\/\/www.neurolinguistic.com\/blog\/?p=927"},"modified":"2014-03-22T08:12:23","modified_gmt":"2014-03-22T08:12:23","slug":"il-vascello-salpo-ma-il-capitano-non-era-a-bordo","status":"publish","type":"post","link":"https:\/\/www.neurolinguistic.com\/blog\/il-vascello-salpo-ma-il-capitano-non-era-a-bordo\/","title":{"rendered":"Il vascello salp\u00f2&#8230; ma il capitano non era a bordo!"},"content":{"rendered":"<p><img loading=\"lazy\" decoding=\"async\" class=\"alignleft size-medium wp-image-937\" alt=\"vascello\" src=\"https:\/\/www.neurolinguistic.com\/blog\/wp-content\/uploads\/vascello-300x225.jpg\" width=\"300\" height=\"225\" srcset=\"https:\/\/www.neurolinguistic.com\/blog\/wp-content\/uploads\/vascello-300x225.jpg 300w, https:\/\/www.neurolinguistic.com\/blog\/wp-content\/uploads\/vascello-1024x768.jpg 1024w, https:\/\/www.neurolinguistic.com\/blog\/wp-content\/uploads\/vascello.jpg 1600w\" sizes=\"auto, (max-width: 300px) 100vw, 300px\" \/>Durante l\u2019et\u00e0 d\u2019oro dei grandi velieri, un abile capitano di vascello ricevette la mappa di un tesoro nascosto su di un&#8217;isola lontana. Il capitano arm\u00f2 una nave di tutto punto.<\/p>\n<p>L\u2019equipaggio venne a sapere che l\u2019obiettivo di quella missione era la ricchezza, e preso dal desiderio cominci\u00f2 a studiare un ammutinamento.<\/p>\n<p>La notte prima della partenza, il capitano si concesse una bella bisboccia in una taverna del porto, giusto per festeggiare la sua futura ricchezza. Bevve talmente tanto rum che il mattino dopo non si svegli\u00f2 prima di mezzogiorno, ma la partenza era fissata per le prime ore dell\u2019alba.\u00a0L\u2019equipaggio non si fece sfuggire questa ghiotta occasione, salp\u00f2 lo stesso di buon mattino senza il capitano a bordo.<\/p>\n<p>Nella nave senza capitano, presto per\u00f2 cominciarono le prime divergenze fra i vari membri dell\u2019equipaggio sulla spartizione del futuro bottino. Ci furono furibonde scazzottate per una settimana. Dopo l\u2019ennesimo tafferuglio, tutti gli uomini a bordo si misero d\u2019accordo in una maniera apparentemente razionale: decisero di spartirsi il tesoro in parti uguali e di fare tutti, a turno, il ruolo di capitano per un giorno fino al termine del viaggio andando per ordine alfabetico.<\/p>\n<p>Ma ogni marinaio, quando veniva il suo turno di comandare la nave, faceva di testa sua. Qualcuno seguiva la rotta che pi\u00f9 gli garbava. Altri sbagliavano decisamente direzione perch\u00e8 inesperti nell\u2019uso degli strumenti di bordo. Come dice il proverbio: &#8220;Nessun vento \u00e8 buono per chi non sa dove deve andare&#8221;.<\/p>\n<p>Il viaggio non termin\u00f2 mai, e gli uomini dell\u2019equipaggio uno alla volta finirono col morire di stenti o di vecchiaia senza mai riuscire a raggiungere l\u2019isola del tesoro. Cosa significa questa storia? E soprattutto, come \u00e8 possibile raggiungere sicuramente l&#8217;isola del tesoro?<\/p>\n<p><strong> <img loading=\"lazy\" decoding=\"async\" class=\"alignright size-medium wp-image-948\" alt=\"MindFrame Embrace\" src=\"https:\/\/www.neurolinguistic.com\/blog\/wp-content\/uploads\/MindFrame-Embrace-300x200.jpg\" width=\"300\" height=\"200\" srcset=\"https:\/\/www.neurolinguistic.com\/blog\/wp-content\/uploads\/MindFrame-Embrace-300x200.jpg 300w, https:\/\/www.neurolinguistic.com\/blog\/wp-content\/uploads\/MindFrame-Embrace-1024x685.jpg 1024w\" sizes=\"auto, (max-width: 300px) 100vw, 300px\" \/>Ho voluto raccontare questa storia, ispirata ma diversa da quella di Giasone, per esporre, in chiave metaforica, la situazione in cui si trovano moltissime persone;<\/strong> sia uomini che donne. Ognuno si lamenta di non riuscire ad ottenere i tesori che vorrebbe dalla vita, di non riuscire a realizzare i propri progetti, di non riuscire a trovare un partner come si deve, di non guadagnare abbastanza ecc. ecc.<\/p>\n<p><strong>Rifletti un attimo.<\/strong> Come puoi pretendere di raggiungere i tuoi obiettivi se dormi e non sali a bordo della nave su cui \u00e8 imbarcata la tua vita? Come puoi pretendere che la tua vita prenda la direzione che desideri se non sei mai sul ponte di comando e per giunta permetti, senza nemmeno accorgertene, che altri traccino la rotta al posto tuo?<\/p>\n<p>Quante volte non riusciamo a fare quello che vorremmo fare? Quanto siamo realmente presenti a noi stessi in una giornata? e quante volte pensieri idee non voluti n\u00e8 utili ci attraversano la mente? Quante volte non siamo noi stessi veramente?<\/p>\n<p>E come possiamo realizzare la nostra vita se non sappiamo cosa veramente vogliamo e dove tendiamo, ma ci facciamo prendere continuamente da pensieri inutili?<\/p>\n<p><strong>Prendiamoci responsabilit\u00e0 della nostra vita iniziando da ORA.<\/strong><\/p>\n<p>Nei fatti, la libert\u00e0 umana (il cosiddetto libero arbitrio) esiste, ma nei fatti \u00e8 molto, molto limitata. La maggior parte delle persone risponde in una maniera che crede razionale ma in realt\u00e0 \u00e8 automatica. L\u2019uomo \u00e8 normalmente praticamente irresponsabile finch\u00e8 non \u00e8 cosciente. <strong>Dobbiamo agire ORA.<\/strong><\/p>\n<p>Vogliamo farci guidare dai nostri pensieri che invece ci dovrebbero ubbidire? La chiave di tutto, per poter \u201ccavalcare il proprio destino\u201d \u00e8 svegliarsi, essere coscienti, essere presenti a se stessi. Questa \u00e8 anche la filosofia della nostra scuola. <strong>aiutare le persone a tornare in possesso di s\u00e8 stesse.<\/strong> Soltanto tornando in possesso del ponte di comando della nave puoi guidare la tua vita dove vuoi e aiutare anche gli altri a farlo se vorrai divenire Coach o Counselor (nuovi percorsi professionali possibili da quest&#8217;anno) o comunque se sei in posizione in cui interagisci con altri!<\/p>\n<p>Se hai piacere di sapere di pi\u00f9 o partecipare a questa o ad altre nostre iniziative con tecniche esclusive della nostra scuola (utili sia personalmente che professionalmente), compila il form pi\u00f9 sotto.<\/p>\n<p style=\"text-align: justify;\"><a href=\"https:\/\/www.neurolinguistic.com\/blog\/wp-content\/uploads\/presenza.pdf\" target=\"_blank\"><strong>CLICCA QUI<\/strong><\/a> per scaricare la dispensa gratuita sulla presenza.<\/p>\n<p style=\"text-align: left;\"><span style=\"font-family: trebuchet ms,geneva; font-size: 22px; letter-spacing: -1px; line-height: 115%;\">Vuoi imparare i segreti per assumere il totale controllo della tua vita e dominare il tuo destino? <\/span><\/p>\n<p style=\"text-align: left;\"><span style=\"font-family: trebuchet ms,geneva; font-size: 22px; letter-spacing: -1px; line-height: 115%;\">Lo puoi fare frequentando i nostri Master che, tra l&#8217;altro, ti danno anche l&#8217;opportunit\u00e0 di intraprendere una professione in questo settore sia part time che full time. <\/span><\/p>\n<p style=\"text-align: left;\"><span style=\"font-family: trebuchet ms,geneva; font-size: 22px; letter-spacing: -1px; line-height: 115%;\">Compila il modulo qui sotto e riceverai tutte le indicazioni per potervi accedere:<\/span><\/p>\n<div class=\"yellowbox   aligncenter\" style=\"width: 450px; border-width: 3px; border-style: dashed;\">\n\n<div class=\"wpcf7 no-js\" id=\"wpcf7-f572-o1\" lang=\"it-IT\" dir=\"ltr\" data-wpcf7-id=\"572\">\n<div class=\"screen-reader-response\"><p role=\"status\" aria-live=\"polite\" aria-atomic=\"true\"><\/p> <ul><\/ul><\/div>\n<form action=\"\/blog\/wp-json\/wp\/v2\/posts\/927#wpcf7-f572-o1\" method=\"post\" class=\"wpcf7-form init\" aria-label=\"Modulo di contatto\" novalidate=\"novalidate\" data-status=\"init\">\n<fieldset class=\"hidden-fields-container\"><input type=\"hidden\" name=\"_wpcf7\" value=\"572\" \/><input type=\"hidden\" name=\"_wpcf7_version\" value=\"6.1.5\" \/><input type=\"hidden\" name=\"_wpcf7_locale\" value=\"it_IT\" \/><input type=\"hidden\" name=\"_wpcf7_unit_tag\" value=\"wpcf7-f572-o1\" \/><input type=\"hidden\" name=\"_wpcf7_container_post\" value=\"0\" \/><input type=\"hidden\" name=\"_wpcf7_posted_data_hash\" value=\"\" \/><input type=\"hidden\" name=\"_wpcf7dtx_version\" value=\"5.0.5\" \/>\n<\/fieldset>\n<p>Il Tuo Nome (richiesto)\n<\/p>\n<p><span class=\"wpcf7-form-control-wrap\" data-name=\"your-name\"><input size=\"40\" maxlength=\"400\" class=\"wpcf7-form-control wpcf7-text wpcf7-validates-as-required\" aria-required=\"true\" aria-invalid=\"false\" value=\"\" type=\"text\" name=\"your-name\" \/><\/span>\n<\/p>\n<p>La Tua Email (richiesto)\n<\/p>\n<p><span class=\"wpcf7-form-control-wrap\" data-name=\"your-email\"><input size=\"40\" maxlength=\"400\" class=\"wpcf7-form-control wpcf7-email wpcf7-validates-as-required wpcf7-text wpcf7-validates-as-email\" aria-required=\"true\" aria-invalid=\"false\" value=\"\" type=\"email\" name=\"your-email\" \/><\/span>\n<\/p>\n<p>Telefono (richiesto)\n<\/p>\n<p><span class=\"wpcf7-form-control-wrap\" data-name=\"telefono\"><input size=\"40\" maxlength=\"400\" class=\"wpcf7-form-control wpcf7-text wpcf7-validates-as-required\" aria-required=\"true\" aria-invalid=\"false\" value=\"\" type=\"text\" name=\"telefono\" \/><\/span>\n<\/p>\n<p>Citt\u00e0\n<\/p>\n<p><span class=\"wpcf7-form-control-wrap\" data-name=\"cit\"><input size=\"40\" maxlength=\"400\" class=\"wpcf7-form-control wpcf7-text\" aria-invalid=\"false\" value=\"\" type=\"text\" name=\"cit\" \/><\/span>\n<\/p>\n<p>Professione (richiesto)\n<\/p>\n<p><span class=\"wpcf7-form-control-wrap\" data-name=\"professione\"><input size=\"40\" maxlength=\"400\" class=\"wpcf7-form-control wpcf7-text wpcf7-validates-as-required\" aria-required=\"true\" aria-invalid=\"false\" value=\"\" type=\"text\" name=\"professione\" \/><\/span>\n<\/p>\n<p>Data di nascita\n<\/p>\n<p><span class=\"wpcf7-form-control-wrap\" data-name=\"nascita\"><input size=\"40\" maxlength=\"400\" class=\"wpcf7-form-control wpcf7-text\" aria-invalid=\"false\" value=\"\" type=\"text\" name=\"nascita\" \/><\/span>\n<\/p>\n<div style=\"width:345px;\">\n\t<div style=\"float:left; width:193px; padding-right:7px; font-size:13px;\">\n\t\t<p>Hai gi\u00e0 partecipato a corsi di formazione in questo settore?\n\t\t<\/p>\n\t\t<p><span class=\"wpcf7-form-control-wrap\" data-name=\"esperienze\"><span class=\"wpcf7-form-control wpcf7-radio\"><span class=\"wpcf7-list-item first\"><input type=\"radio\" name=\"esperienze\" value=\"S\u00ec\" \/><span class=\"wpcf7-list-item-label\">S\u00ec<\/span><\/span><span class=\"wpcf7-list-item last\"><input type=\"radio\" name=\"esperienze\" value=\"No\" \/><span class=\"wpcf7-list-item-label\">No<\/span><\/span><\/span><\/span>\n\t\t<\/p>\n\t<\/div>\n\t<div style=\"float:right; width:135px; padding-left:7px; border-left:1px solid; height:75px;\">\n\t\t<p>Scegli una sede (richiesto)\n\t\t<\/p>\n\t\t<p><span class=\"wpcf7-form-control-wrap\" data-name=\"sede\"><select class=\"wpcf7-form-control wpcf7-select wpcf7-validates-as-required\" aria-required=\"true\" aria-invalid=\"false\" name=\"sede\"><option value=\"\">&#8212;Seleziona un&#039;opzione&#8212;<\/option><option value=\"Milano\">Milano<\/option><option value=\"Roma\">Roma<\/option><option value=\"Nizza\">Nizza<\/option><\/select><\/span>\n\t\t<\/p>\n\t<\/div>\n<\/div>\n<div style=\"clear:both;\">\n<\/div>\n<p>Motivazioni per cui vuoi partecipare alle nostre iniziative (richiesto):\n<\/p>\n<p><span class=\"wpcf7-form-control-wrap\" data-name=\"motivazioni\"><select class=\"wpcf7-form-control wpcf7-select wpcf7-validates-as-required\" aria-required=\"true\" aria-invalid=\"false\" name=\"motivazioni\"><option value=\"\">&#8212;Seleziona un&#039;opzione&#8212;<\/option><option value=\"Riconversione completa della propria attivit\u00e0 lavorativa\">Riconversione completa della propria attivit\u00e0 lavorativa<\/option><option value=\"Nuovo lavoro\">Nuovo lavoro<\/option><option value=\"Aggiunta di nuove abilit\u00e0\">Aggiunta di nuove abilit\u00e0<\/option><option value=\"Approfondimento professionale\">Approfondimento professionale<\/option><option value=\"Approfondimento personale \/ crescita interiore\">Approfondimento personale \/ crescita interiore<\/option><option value=\"Cultore della materia\">Cultore della materia<\/option><option value=\"Curiosit\u00e0\">Curiosit\u00e0<\/option><option value=\"Altro (specifica nel campo sottostante)\">Altro (specifica nel campo sottostante)<\/option><\/select><\/span>\n<\/p>\n<p>Esperienze precedenti \/ ulteriori motivazioni:\n<\/p>\n<p><span class=\"wpcf7-form-control-wrap\" data-name=\"your-message\"><textarea cols=\"40\" rows=\"10\" maxlength=\"2000\" class=\"wpcf7-form-control wpcf7-textarea\" aria-invalid=\"false\" name=\"your-message\"><\/textarea><\/span>\n<\/p>\n<p>Note:<br \/>\n<span class=\"wpcf7-form-control-wrap\" data-name=\"note\"><textarea cols=\"40\" rows=\"10\" maxlength=\"2000\" class=\"wpcf7-form-control wpcf7-textarea\" aria-invalid=\"false\" name=\"note\"><\/textarea><\/span><br \/>\n(compila questo campo e sarai contattato in maniera PRIORITARIA)\n<\/p>\n<div style=\"display:none; margin-bottom:0px;\">\n\t<p>[AFCF_BB getvar=\"q\"]<span class=\"wpcf7-form-control-wrap\" data-name=\"referer\"><input size=\"40\" maxlength=\"400\" class=\"wpcf7-form-control wpcf7-text\" aria-invalid=\"false\" value=\"\" type=\"text\" name=\"referer\" \/><\/span>[\/AFCF_BB]<br \/>\n<span class=\"wpcf7-form-control-wrap\" data-name=\"referer-page\"><input size=\"40\" maxlength=\"400\" class=\"wpcf7-form-control wpcf7-text referer-page\" aria-invalid=\"false\" value=\"\" type=\"text\" name=\"referer-page\" \/><\/span><br \/>\n\t<span class=\"wpcf7-form-control-wrap geoloc\" data-name=\"geoloc\"><input type=\"hidden\" name=\"geoloc\" class=\"wpcf7-form-control wpcf7-hidden wpcf7dtx wpcf7dtx-hidden\" aria-invalid=\"false\" value=\"geoloc\"><\/span>\n\t<\/p>\n<\/div>\n<p><input class=\"wpcf7-form-control wpcf7-submit has-spinner\" type=\"submit\" value=\"Invia richiesta!\" \/>\n<\/p><div class=\"wpcf7-response-output\" aria-hidden=\"true\"><\/div>\n<\/form>\n<\/div>\n\n<\/div>\n","protected":false},"excerpt":{"rendered":"<p>Durante l&rsquo;et&agrave; d&rsquo;oro dei grandi velieri, un abile capitano di vascello ricevette la mappa di un tesoro nascosto su di un&rsquo;isola lontana. Il capitano arm&ograve; una nave di tutto punto. L&rsquo;equipaggio venne a sapere che l&rsquo;obiettivo di quella missione era la ricchezza, e preso dal desiderio cominci&ograve; a studiare un ammutinamento. La notte prima della [&hellip;]<\/p>\n","protected":false},"author":1,"featured_media":937,"comment_status":"open","ping_status":"open","sticky":false,"template":"","format":"standard","meta":{"footnotes":""},"categories":[86],"tags":[150],"class_list":["post-927","post","type-post","status-publish","format-standard","has-post-thumbnail","hentry","category-quantum","tag-presenza"],"yoast_head":"<!-- This site is optimized with the Yoast SEO plugin v27.2 - https:\/\/yoast.com\/product\/yoast-seo-wordpress\/ -->\n<title>Il vascello salp\u00f2... ma il capitano non era a bordo! &#8211; Universit\u00e9 Europ\u00e9enne - ISI-CNV<\/title>\n<meta name=\"robots\" content=\"index, follow, max-snippet:-1, max-image-preview:large, max-video-preview:-1\" \/>\n<link rel=\"canonical\" href=\"https:\/\/www.neurolinguistic.com\/blog\/il-vascello-salpo-ma-il-capitano-non-era-a-bordo\/\" \/>\n<meta property=\"og:locale\" content=\"it_IT\" \/>\n<meta property=\"og:type\" content=\"article\" \/>\n<meta property=\"og:title\" content=\"Il vascello salp\u00f2... ma il capitano non era a bordo! &#8211; Universit\u00e9 Europ\u00e9enne - ISI-CNV\" \/>\n<meta property=\"og:description\" content=\"Durante l&rsquo;et&agrave; d&rsquo;oro dei grandi velieri, un abile capitano di vascello ricevette la mappa di un tesoro nascosto su di un&rsquo;isola lontana. Il capitano arm&ograve; una nave di tutto punto. L&rsquo;equipaggio venne a sapere che l&rsquo;obiettivo di quella missione era la ricchezza, e preso dal desiderio cominci&ograve; a studiare un ammutinamento. La notte prima della [&hellip;]\" \/>\n<meta property=\"og:url\" content=\"https:\/\/www.neurolinguistic.com\/blog\/il-vascello-salpo-ma-il-capitano-non-era-a-bordo\/\" \/>\n<meta property=\"og:site_name\" content=\"Universit\u00e9 Europ\u00e9enne - ISI-CNV\" \/>\n<meta property=\"article:publisher\" content=\"https:\/\/www.facebook.com\/ipnositecniche\" \/>\n<meta property=\"article:published_time\" content=\"2014-03-21T18:25:41+00:00\" \/>\n<meta property=\"article:modified_time\" content=\"2014-03-22T08:12:23+00:00\" \/>\n<meta property=\"og:image\" content=\"https:\/\/www.neurolinguistic.com\/blog\/wp-content\/uploads\/vascello.jpg\" \/>\n\t<meta property=\"og:image:width\" content=\"1600\" \/>\n\t<meta property=\"og:image:height\" content=\"1200\" \/>\n\t<meta property=\"og:image:type\" content=\"image\/jpeg\" \/>\n<meta name=\"author\" content=\"marius\" \/>\n<meta name=\"twitter:card\" content=\"summary_large_image\" \/>\n<meta name=\"twitter:label1\" content=\"Scritto da\" \/>\n\t<meta name=\"twitter:data1\" content=\"marius\" \/>\n\t<meta name=\"twitter:label2\" content=\"Tempo di lettura stimato\" \/>\n\t<meta name=\"twitter:data2\" content=\"4 minuti\" \/>\n<script type=\"application\/ld+json\" class=\"yoast-schema-graph\">{\"@context\":\"https:\/\/schema.org\",\"@graph\":[{\"@type\":\"Article\",\"@id\":\"https:\/\/www.neurolinguistic.com\/blog\/il-vascello-salpo-ma-il-capitano-non-era-a-bordo\/#article\",\"isPartOf\":{\"@id\":\"https:\/\/www.neurolinguistic.com\/blog\/il-vascello-salpo-ma-il-capitano-non-era-a-bordo\/\"},\"author\":{\"name\":\"marius\",\"@id\":\"https:\/\/www.neurolinguistic.com\/blog\/#\/schema\/person\/09dfaadfe1b4add829493b3da603c973\"},\"headline\":\"Il vascello salp\u00f2&#8230; ma il capitano non era a bordo!\",\"datePublished\":\"2014-03-21T18:25:41+00:00\",\"dateModified\":\"2014-03-22T08:12:23+00:00\",\"mainEntityOfPage\":{\"@id\":\"https:\/\/www.neurolinguistic.com\/blog\/il-vascello-salpo-ma-il-capitano-non-era-a-bordo\/\"},\"wordCount\":746,\"commentCount\":0,\"image\":{\"@id\":\"https:\/\/www.neurolinguistic.com\/blog\/il-vascello-salpo-ma-il-capitano-non-era-a-bordo\/#primaryimage\"},\"thumbnailUrl\":\"https:\/\/www.neurolinguistic.com\/blog\/wp-content\/uploads\/vascello.jpg\",\"keywords\":[\"presenza\"],\"articleSection\":[\"quantum\"],\"inLanguage\":\"it-IT\",\"potentialAction\":[{\"@type\":\"CommentAction\",\"name\":\"Comment\",\"target\":[\"https:\/\/www.neurolinguistic.com\/blog\/il-vascello-salpo-ma-il-capitano-non-era-a-bordo\/#respond\"]}]},{\"@type\":\"WebPage\",\"@id\":\"https:\/\/www.neurolinguistic.com\/blog\/il-vascello-salpo-ma-il-capitano-non-era-a-bordo\/\",\"url\":\"https:\/\/www.neurolinguistic.com\/blog\/il-vascello-salpo-ma-il-capitano-non-era-a-bordo\/\",\"name\":\"Il vascello salp\u00f2... ma il capitano non era a bordo! &#8211; Universit\u00e9 Europ\u00e9enne - ISI-CNV\",\"isPartOf\":{\"@id\":\"https:\/\/www.neurolinguistic.com\/blog\/#website\"},\"primaryImageOfPage\":{\"@id\":\"https:\/\/www.neurolinguistic.com\/blog\/il-vascello-salpo-ma-il-capitano-non-era-a-bordo\/#primaryimage\"},\"image\":{\"@id\":\"https:\/\/www.neurolinguistic.com\/blog\/il-vascello-salpo-ma-il-capitano-non-era-a-bordo\/#primaryimage\"},\"thumbnailUrl\":\"https:\/\/www.neurolinguistic.com\/blog\/wp-content\/uploads\/vascello.jpg\",\"datePublished\":\"2014-03-21T18:25:41+00:00\",\"dateModified\":\"2014-03-22T08:12:23+00:00\",\"author\":{\"@id\":\"https:\/\/www.neurolinguistic.com\/blog\/#\/schema\/person\/09dfaadfe1b4add829493b3da603c973\"},\"breadcrumb\":{\"@id\":\"https:\/\/www.neurolinguistic.com\/blog\/il-vascello-salpo-ma-il-capitano-non-era-a-bordo\/#breadcrumb\"},\"inLanguage\":\"it-IT\",\"potentialAction\":[{\"@type\":\"ReadAction\",\"target\":[\"https:\/\/www.neurolinguistic.com\/blog\/il-vascello-salpo-ma-il-capitano-non-era-a-bordo\/\"]}]},{\"@type\":\"ImageObject\",\"inLanguage\":\"it-IT\",\"@id\":\"https:\/\/www.neurolinguistic.com\/blog\/il-vascello-salpo-ma-il-capitano-non-era-a-bordo\/#primaryimage\",\"url\":\"https:\/\/www.neurolinguistic.com\/blog\/wp-content\/uploads\/vascello.jpg\",\"contentUrl\":\"https:\/\/www.neurolinguistic.com\/blog\/wp-content\/uploads\/vascello.jpg\",\"width\":1600,\"height\":1200},{\"@type\":\"BreadcrumbList\",\"@id\":\"https:\/\/www.neurolinguistic.com\/blog\/il-vascello-salpo-ma-il-capitano-non-era-a-bordo\/#breadcrumb\",\"itemListElement\":[{\"@type\":\"ListItem\",\"position\":1,\"name\":\"Home\",\"item\":\"https:\/\/www.neurolinguistic.com\/blog\/\"},{\"@type\":\"ListItem\",\"position\":2,\"name\":\"Il vascello salp\u00f2&#8230; ma il capitano non era a bordo!\"}]},{\"@type\":\"WebSite\",\"@id\":\"https:\/\/www.neurolinguistic.com\/blog\/#website\",\"url\":\"https:\/\/www.neurolinguistic.com\/blog\/\",\"name\":\"Universit\u00e9 Europ\u00e9enne - ISI-CNV\",\"description\":\"Articoli, Lezioni Online, Omaggi, Video e molto altro\",\"potentialAction\":[{\"@type\":\"SearchAction\",\"target\":{\"@type\":\"EntryPoint\",\"urlTemplate\":\"https:\/\/www.neurolinguistic.com\/blog\/?s={search_term_string}\"},\"query-input\":{\"@type\":\"PropertyValueSpecification\",\"valueRequired\":true,\"valueName\":\"search_term_string\"}}],\"inLanguage\":\"it-IT\"},{\"@type\":\"Person\",\"@id\":\"https:\/\/www.neurolinguistic.com\/blog\/#\/schema\/person\/09dfaadfe1b4add829493b3da603c973\",\"name\":\"marius\",\"image\":{\"@type\":\"ImageObject\",\"inLanguage\":\"it-IT\",\"@id\":\"https:\/\/secure.gravatar.com\/avatar\/1d96c043f076b3b097a420b122920b7054454b51fbab2771a542d82e22de1fd4?s=96&d=mm&r=g\",\"url\":\"https:\/\/secure.gravatar.com\/avatar\/1d96c043f076b3b097a420b122920b7054454b51fbab2771a542d82e22de1fd4?s=96&d=mm&r=g\",\"contentUrl\":\"https:\/\/secure.gravatar.com\/avatar\/1d96c043f076b3b097a420b122920b7054454b51fbab2771a542d82e22de1fd4?s=96&d=mm&r=g\",\"caption\":\"marius\"},\"url\":\"https:\/\/www.neurolinguistic.com\/blog\/author\/marius\/\"}]}<\/script>\n<!-- \/ Yoast SEO plugin. -->","yoast_head_json":{"title":"Il vascello salp\u00f2... ma il capitano non era a bordo! &#8211; Universit\u00e9 Europ\u00e9enne - ISI-CNV","robots":{"index":"index","follow":"follow","max-snippet":"max-snippet:-1","max-image-preview":"max-image-preview:large","max-video-preview":"max-video-preview:-1"},"canonical":"https:\/\/www.neurolinguistic.com\/blog\/il-vascello-salpo-ma-il-capitano-non-era-a-bordo\/","og_locale":"it_IT","og_type":"article","og_title":"Il vascello salp\u00f2... ma il capitano non era a bordo! &#8211; Universit\u00e9 Europ\u00e9enne - ISI-CNV","og_description":"Durante l&rsquo;et&agrave; d&rsquo;oro dei grandi velieri, un abile capitano di vascello ricevette la mappa di un tesoro nascosto su di un&rsquo;isola lontana. Il capitano arm&ograve; una nave di tutto punto. L&rsquo;equipaggio venne a sapere che l&rsquo;obiettivo di quella missione era la ricchezza, e preso dal desiderio cominci&ograve; a studiare un ammutinamento. La notte prima della [&hellip;]","og_url":"https:\/\/www.neurolinguistic.com\/blog\/il-vascello-salpo-ma-il-capitano-non-era-a-bordo\/","og_site_name":"Universit\u00e9 Europ\u00e9enne - ISI-CNV","article_publisher":"https:\/\/www.facebook.com\/ipnositecniche","article_published_time":"2014-03-21T18:25:41+00:00","article_modified_time":"2014-03-22T08:12:23+00:00","og_image":[{"width":1600,"height":1200,"url":"https:\/\/www.neurolinguistic.com\/blog\/wp-content\/uploads\/vascello.jpg","type":"image\/jpeg"}],"author":"marius","twitter_card":"summary_large_image","twitter_misc":{"Scritto da":"marius","Tempo di lettura stimato":"4 minuti"},"schema":{"@context":"https:\/\/schema.org","@graph":[{"@type":"Article","@id":"https:\/\/www.neurolinguistic.com\/blog\/il-vascello-salpo-ma-il-capitano-non-era-a-bordo\/#article","isPartOf":{"@id":"https:\/\/www.neurolinguistic.com\/blog\/il-vascello-salpo-ma-il-capitano-non-era-a-bordo\/"},"author":{"name":"marius","@id":"https:\/\/www.neurolinguistic.com\/blog\/#\/schema\/person\/09dfaadfe1b4add829493b3da603c973"},"headline":"Il vascello salp\u00f2&#8230; ma il capitano non era a bordo!","datePublished":"2014-03-21T18:25:41+00:00","dateModified":"2014-03-22T08:12:23+00:00","mainEntityOfPage":{"@id":"https:\/\/www.neurolinguistic.com\/blog\/il-vascello-salpo-ma-il-capitano-non-era-a-bordo\/"},"wordCount":746,"commentCount":0,"image":{"@id":"https:\/\/www.neurolinguistic.com\/blog\/il-vascello-salpo-ma-il-capitano-non-era-a-bordo\/#primaryimage"},"thumbnailUrl":"https:\/\/www.neurolinguistic.com\/blog\/wp-content\/uploads\/vascello.jpg","keywords":["presenza"],"articleSection":["quantum"],"inLanguage":"it-IT","potentialAction":[{"@type":"CommentAction","name":"Comment","target":["https:\/\/www.neurolinguistic.com\/blog\/il-vascello-salpo-ma-il-capitano-non-era-a-bordo\/#respond"]}]},{"@type":"WebPage","@id":"https:\/\/www.neurolinguistic.com\/blog\/il-vascello-salpo-ma-il-capitano-non-era-a-bordo\/","url":"https:\/\/www.neurolinguistic.com\/blog\/il-vascello-salpo-ma-il-capitano-non-era-a-bordo\/","name":"Il vascello salp\u00f2... ma il capitano non era a bordo! &#8211; Universit\u00e9 Europ\u00e9enne - ISI-CNV","isPartOf":{"@id":"https:\/\/www.neurolinguistic.com\/blog\/#website"},"primaryImageOfPage":{"@id":"https:\/\/www.neurolinguistic.com\/blog\/il-vascello-salpo-ma-il-capitano-non-era-a-bordo\/#primaryimage"},"image":{"@id":"https:\/\/www.neurolinguistic.com\/blog\/il-vascello-salpo-ma-il-capitano-non-era-a-bordo\/#primaryimage"},"thumbnailUrl":"https:\/\/www.neurolinguistic.com\/blog\/wp-content\/uploads\/vascello.jpg","datePublished":"2014-03-21T18:25:41+00:00","dateModified":"2014-03-22T08:12:23+00:00","author":{"@id":"https:\/\/www.neurolinguistic.com\/blog\/#\/schema\/person\/09dfaadfe1b4add829493b3da603c973"},"breadcrumb":{"@id":"https:\/\/www.neurolinguistic.com\/blog\/il-vascello-salpo-ma-il-capitano-non-era-a-bordo\/#breadcrumb"},"inLanguage":"it-IT","potentialAction":[{"@type":"ReadAction","target":["https:\/\/www.neurolinguistic.com\/blog\/il-vascello-salpo-ma-il-capitano-non-era-a-bordo\/"]}]},{"@type":"ImageObject","inLanguage":"it-IT","@id":"https:\/\/www.neurolinguistic.com\/blog\/il-vascello-salpo-ma-il-capitano-non-era-a-bordo\/#primaryimage","url":"https:\/\/www.neurolinguistic.com\/blog\/wp-content\/uploads\/vascello.jpg","contentUrl":"https:\/\/www.neurolinguistic.com\/blog\/wp-content\/uploads\/vascello.jpg","width":1600,"height":1200},{"@type":"BreadcrumbList","@id":"https:\/\/www.neurolinguistic.com\/blog\/il-vascello-salpo-ma-il-capitano-non-era-a-bordo\/#breadcrumb","itemListElement":[{"@type":"ListItem","position":1,"name":"Home","item":"https:\/\/www.neurolinguistic.com\/blog\/"},{"@type":"ListItem","position":2,"name":"Il vascello salp\u00f2&#8230; ma il capitano non era a bordo!"}]},{"@type":"WebSite","@id":"https:\/\/www.neurolinguistic.com\/blog\/#website","url":"https:\/\/www.neurolinguistic.com\/blog\/","name":"Universit\u00e9 Europ\u00e9enne - ISI-CNV","description":"Articoli, Lezioni Online, Omaggi, Video e molto altro","potentialAction":[{"@type":"SearchAction","target":{"@type":"EntryPoint","urlTemplate":"https:\/\/www.neurolinguistic.com\/blog\/?s={search_term_string}"},"query-input":{"@type":"PropertyValueSpecification","valueRequired":true,"valueName":"search_term_string"}}],"inLanguage":"it-IT"},{"@type":"Person","@id":"https:\/\/www.neurolinguistic.com\/blog\/#\/schema\/person\/09dfaadfe1b4add829493b3da603c973","name":"marius","image":{"@type":"ImageObject","inLanguage":"it-IT","@id":"https:\/\/secure.gravatar.com\/avatar\/1d96c043f076b3b097a420b122920b7054454b51fbab2771a542d82e22de1fd4?s=96&d=mm&r=g","url":"https:\/\/secure.gravatar.com\/avatar\/1d96c043f076b3b097a420b122920b7054454b51fbab2771a542d82e22de1fd4?s=96&d=mm&r=g","contentUrl":"https:\/\/secure.gravatar.com\/avatar\/1d96c043f076b3b097a420b122920b7054454b51fbab2771a542d82e22de1fd4?s=96&d=mm&r=g","caption":"marius"},"url":"https:\/\/www.neurolinguistic.com\/blog\/author\/marius\/"}]}},"_links":{"self":[{"href":"https:\/\/www.neurolinguistic.com\/blog\/wp-json\/wp\/v2\/posts\/927","targetHints":{"allow":["GET"]}}],"collection":[{"href":"https:\/\/www.neurolinguistic.com\/blog\/wp-json\/wp\/v2\/posts"}],"about":[{"href":"https:\/\/www.neurolinguistic.com\/blog\/wp-json\/wp\/v2\/types\/post"}],"author":[{"embeddable":true,"href":"https:\/\/www.neurolinguistic.com\/blog\/wp-json\/wp\/v2\/users\/1"}],"replies":[{"embeddable":true,"href":"https:\/\/www.neurolinguistic.com\/blog\/wp-json\/wp\/v2\/comments?post=927"}],"version-history":[{"count":0,"href":"https:\/\/www.neurolinguistic.com\/blog\/wp-json\/wp\/v2\/posts\/927\/revisions"}],"wp:featuredmedia":[{"embeddable":true,"href":"https:\/\/www.neurolinguistic.com\/blog\/wp-json\/wp\/v2\/media\/937"}],"wp:attachment":[{"href":"https:\/\/www.neurolinguistic.com\/blog\/wp-json\/wp\/v2\/media?parent=927"}],"wp:term":[{"taxonomy":"category","embeddable":true,"href":"https:\/\/www.neurolinguistic.com\/blog\/wp-json\/wp\/v2\/categories?post=927"},{"taxonomy":"post_tag","embeddable":true,"href":"https:\/\/www.neurolinguistic.com\/blog\/wp-json\/wp\/v2\/tags?post=927"}],"curies":[{"name":"wp","href":"https:\/\/api.w.org\/{rel}","templated":true}]}}