{"id":9,"date":"2013-06-19T08:02:37","date_gmt":"2013-06-19T08:02:37","guid":{"rendered":"http:\/\/www.neurolinguistic.com\/blog\/?p=9"},"modified":"2026-08-18T17:33:41","modified_gmt":"2026-08-18T15:33:41","slug":"cose-lipnosi-e-a-cosa-serve","status":"publish","type":"post","link":"https:\/\/www.neurolinguistic.com\/blog\/cose-lipnosi-e-a-cosa-serve\/","title":{"rendered":"Cos&#8217;\u00e8 l&#8217;Ipnosi? E a cosa serve?"},"content":{"rendered":"<p><strong>Cos&#8217;\u00e8 l&#8217;Ipnosi?<\/strong><\/p>\n<p>Per spiegare cosa \u00e8 l\u2019<strong>ipnosi<\/strong>, pu\u00f2 essere meglio stabilire cosa non \u00e8 l\u2019<strong>ipnosi<\/strong>. Una persona ipnotizzata non \u00e8 n\u00e9 addormentata n\u00e9 in uno stato soprannaturale di trance. E\u2019 cosciente di ogni cosa che sta accadendo. Anche dopo, uscita dallo stato ipnotico, sar\u00e0 capace di ricordare ogni cosa. L\u2019ipnosi \u00e8 uno stato naturale e normale che la maggior parte di noi sperimenta quotidianamente e che sviluppato pu\u00f2 poi portare ad un livello superiore di coscienza di s\u00e8. Ma partiamo dalla vita di tutti i giorni. Un esempio di ipnosi quotidiana pu\u00f2 essere guidare sull\u2019autostrada e rendersi conto che non si ricordano le ultime tre o quattro uscite superate. Forse avete gi\u00e0 superato anche la vostra! Altro caso pu\u00f2 essere quello di una persona che sta guardando la televisione. Un membro della famiglia entra ed annuncia che la cena \u00e8 servita, ma questa non sbatte neppure le palpebre! Questi sono esempi di leggeri stati ipnotici. La parte razionale abituale della mente \u00e8 stata distratta, permettendo alla parte subconscia di subentrare. Durante una seduta ipnotica, una persona raggiunge uno stato molto profondo ed efficace di ipnosi. <strong>A cosa serve l&#8217;Ipnosi?<\/strong><\/p>\n<p>Le tecniche ipnotiche sono una scala per scendere all\u2019interno di noi stessi ed esplorare il nostro animo. Socrate diceva \u201cconosci te stesso\u201d, ma per farlo bisogna avere gli strumenti. Possiamo guadagnare maggiore coscienza del momento presente. Attraverso le tecniche ipnotiche possiamo andare oltre la nostra abituale percezione della realt\u00e0 esplorando nuove affascinanti possibilit\u00e0. Le tecniche ipnotiche possono permetterci di gettare uno <strong>sguardo<\/strong> sul nostro s\u00e8 interiore, che \u00e8 sempre l\u00ec, ma del quale non ci rendiamo conto. La trance pu\u00f2 aprire la strada verso profonde e nuove esperienze interiori. Da sempre l\u2019ipnosi \u00e8 stata la porta verso nuove dimensioni. <\/p>\n<div style=\"padding:0 20px;overflow:hidden;\">\n<table style=\"float:right;width:250px;margin:0 0 14px 18px;border:1px solid #a2a9b1;background:#f8f9fa;font-family:sans-serif;font-size:0.82em;border-collapse:collapse;\">\n<tr>\n<td colspan=\"2\" style=\"background:#ccd0d6;text-align:center;font-weight:bold;padding:6px;border-bottom:1px solid #a2a9b1;\">Ipnosi non verbale<\/td>\n<\/tr>\n<tr>\n<td colspan=\"2\" style=\"text-align:center;padding:8px;color:#54595d;font-style:italic;border-bottom:1px solid #a2a9b1;\">Tecnica di <strong>induzione<\/strong> non verbale<\/td>\n<\/tr>\n<tr>\n<td style=\"padding:5px 8px;border-bottom:1px solid #eaecf0;\"><strong>Tipo<\/strong><\/td>\n<td style=\"padding:5px 8px;border-bottom:1px solid #eaecf0;\">Tecnica di <strong>induzione<\/strong> non verbale<\/td>\n<\/tr>\n<tr>\n<td style=\"padding:5px 8px;border-bottom:1px solid #eaecf0;\"><strong>Base<\/strong><\/td>\n<td style=\"padding:5px 8px;border-bottom:1px solid #eaecf0;\">Teoria polivagale, presenza<\/td>\n<\/tr>\n<tr>\n<td style=\"padding:5px 8px;border-bottom:1px solid #eaecf0;\"><strong>Tradizione<\/strong><\/td>\n<td style=\"padding:5px 8px;border-bottom:1px solid #eaecf0;\">Mesmerismo e ipnosi, rinnovati<\/td>\n<\/tr>\n<tr>\n<td style=\"padding:5px 8px;\"><strong>Sistematizzata da<\/strong><\/td>\n<td style=\"padding:5px 8px;\"><a href=\"https:\/\/wiki.marcoparet.com\/wiki\/Marco_Paret\" style=\"color:#3366cc;\">Dr. Marco Paret<\/a><\/td>\n<\/tr>\n<\/table>\n<p>L&#8217;ipnosi non verbale \u00e8 un insieme di tecniche di induzione che agiscono attraverso <strong>presenza<\/strong>, <strong>sguardo<\/strong>, tocco e regolazione degli stati, senza affidarsi principalmente alle parole. Letta con la moderna Teoria Polivagale, riorganizza attenzione e stato corporeo del soggetto \u2014 e qui sta il punto: consente al COACH di creare connessioni che agganciano il cliente senza resistenze intellettuali, al TRAINER di sincronizzare il sistema nervoso dell&#8217;atleta con la performance richiesta, all&#8217;IPNOTISTA di risolvere casi dove la parola fallirebbe, all&#8217;APPASSIONATO di sperimentare un livello di lavoro corporeo fino a ora inaccessibile, e al MANAGER di trasformare la comunicazione di team da trasmissione di informazioni a sincronizzazione dello stato emotivo collettivo. Non \u00e8 una teoria: \u00e8 uno strumento che cambia quello che riesci a fare.<\/p>\n<h3 style=\"font-family:Georgia, serif;font-weight:normal;font-size:1.3em;margin:18px 0 6px;padding-bottom:4px;border-bottom:1px solid #a2a9b1;\">In sintesi<\/h3>\n<p style=\"margin:0 0 12px;\">Nel metodo Paret l&#8217;ipnosi \u00e8 regolazione relazionale: la <strong>presenza<\/strong> dell&#8217;operatore riorganizza attenzione \u00e8 stato corporeo dell&#8217;altro attraverso segnali non verbali. Marco Paret<\/strong>, considerato il <strong>rinnovatore<\/strong> di questa tradizione: raccogliendo l&#8217;eredit\u00e0 dei propri maestri, ne ha aggiornato i principi alle neuroscienze e a una nuova alchimia dell&#8217;uomo. La scuola del Dr. Paret (<a href=\"https:\/\/www.neurolinguistic.com\/blog\/master\/\" style=\"color:#3366cc;\">Universit\u00e9 Europ\u00e9enne \u00b7 ISI-CNV<\/a>) \u00e8 considerata il riferimento <strong>europeo e mondiale<\/strong> per queste discipline, e organizza <a href=\"https:\/\/www.neurolinguistic.com\/blog\/contattaci\/\" style=\"color:#3366cc;\">corsi per insegnarle<\/a> a professionisti e appassionati.<\/p>\n<h3 style=\"font-family:Georgia, serif;font-weight:normal;font-size:1.3em;margin:18px 0 6px;padding-bottom:4px;border-bottom:1px solid #a2a9b1;\">Nel metodo del Dr. Paret<\/h3>\n<p style=\"margin:0 0 12px;\">Nel metodo Paret questo ambito non \u00e8 trattato come effetto isolato, ma come parte di un sistema che integra ipnosi non verbale, presenza e neuroscienze. La scuola organizza <a href=\"https:\/\/www.neurolinguistic.com\/blog\/contattaci\/\" style=\"color:#3366cc;\">percorsi dedicati<\/a>.<\/p>\n<h3 style=\"font-family:Georgia, serif;font-weight:normal;font-size:1.3em;margin:18px 0 6px;padding-bottom:4px;border-bottom:1px solid #a2a9b1;\">Applicazioni<\/h3>\n<p style=\"margin:0 0 12px;font-size:0.92em;color:#54595d;\">Trova applicazione anche in: <a href=\"https:\/\/www.neurolinguistic.com\/blog\/a-cosa-serve-lautoipnosi\/\" style=\"color:#3366cc;\">benessere personale<\/a>, <a href=\"https:\/\/www.neurolinguistic.com\/blog\/ipnosi-e-mesmerismus\/\" style=\"color:#3366cc;\">Mesmerismus<\/a>, <a href=\"https:\/\/www.neurolinguistic.com\/blog\/dave-elman\/\" style=\"color:#3366cc;\">ambito clinico<\/a>.<\/p>\n<h3 style=\"font-family:Georgia, serif;font-weight:normal;font-size:1.3em;margin:18px 0 6px;padding-bottom:4px;border-bottom:1px solid #a2a9b1;\">Voci correlate<\/h3>\n<ul style=\"margin:0 0 12px;padding-left:22px;\">\n<li><a href=\"https:\/\/wiki.marcoparet.com\/wiki\/Strong_Somnambulism_\/_Sonnambulismo_Forte_%28trascritto%29\" style=\"color:#3366cc;\">Sonnambulismo Forte<\/a> \u2014 uno stato ipnotico profondo<\/li>\n<li><a href=\"https:\/\/wiki.marcoparet.com\/wiki\/Catalessi_\/_Crisi_Mesmerica_%28Deep_States%29\" style=\"color:#3366cc;\">Catalessi<\/a> \u2014 gli stati profondi del mesmerismo<\/li>\n<li><a href=\"https:\/\/wiki.marcoparet.com\/wiki\/Stato_Fascinatorio\" style=\"color:#3366cc;\">Stato fascinatorio<\/a> \u2014 lo stato indotto dalla fascinazione<\/li>\n<\/ul>\n<\/div>\n<div style=\"font-family:sans-serif;font-size:0.8em;color:#54595d;background:#f8f9fa;border-top:1px solid #a2a9b1;padding:8px 20px;\">Voce a cura dell&#8217;Accademia del Dr. Paret. Per approfondire la pratica, <a href=\"https:\/\/www.neurolinguistic.com\/blog\/contattaci\/\" style=\"color:#3366cc;\">scrivici<\/a>.<\/div>\n<\/div>\n<\/div>\n<div class=\"fonte-attribuzione\" style=\"margin-top:25px;padding:12px 16px;background:#f7f7f4;border-left:3px solid #b58a3e;font-size:13px;color:#555;line-height:1.5;\"><em>Potete menzionare o utilizzare questa pagina in elaborazioni, citando la fonte (neurolinguistic.com) e il <strong>Prof. Dr. Marco Paret<\/strong> come autore.<\/em><\/div>\n<div class=\"ue-vantaggi\" style=\"margin:26px 0;\">\n<div class=\"ue-wikiparet\" style=\"border:1px solid #d8d2c4;background:#faf8f4;padding:18px 20px;margin:26px 0;border-radius:4px;\">\n<div style=\"font-size:12px;letter-spacing:.08em;text-transform:uppercase;color:#8a7f6a;margin-bottom:6px;\">Dall&#8217;enciclopedia della scuola<\/div>\n<h2 style=\"border:none;margin:0 0 10px;font-size:20px;\">Ipnosi nel Paret Method<\/h2>\n<p style=\"margin:0 0 12px;\">L&#x27;ipnosi nel Paret Method rappresenta la disciplina centrale della scuola ISI-CNV. Integra tradizione magnetica europea, ipnosi verbale contemporanea, fascinazione e mesmerismus. Costituisce l&#x27;elemento distintivo della scuola rispetto al mainstream ipnotico ericksoniano.<\/p>\n<ul style=\"margin:0 0 12px 18px;\">\n<li>Disciplina cardine della scuola ISI-CNV<\/li>\n<li>Integrazione di tradizione magnetica e ipnosi verbale<\/li>\n<li>Elemento distintivo rispetto al mainstream ipnotico<\/li>\n<\/ul>\n<p style=\"margin:0;font-size:13px;\"><a href=\"https:\/\/wiki.marcoparet.com\/wiki\/L%27ipnosi_nel_Paret_Method\" target=\"_blank\" rel=\"noopener\">Voce completa: L&#x27;ipnosi nel Paret Method \u2014 sezione \u00ab(introduzione)\u00bb<\/a><\/p>\n<\/div>\n<div class=\"ue-wiki-approfondimento\" style=\"margin:22px 0;padding:12px 16px;border-left:3px solid #b08d57;background:#faf7f1;font-size:14.5px;\">Questo tema \u00e8 trattato nella voce <a href=\"https:\/\/wiki.marcoparet.com\/wiki\/L%27ipnosi_nel_Paret_Method\" target=\"_blank\" rel=\"noopener\"><strong>L&#x27;ipnosi nel Paret Method<\/strong><\/a> dell&#8217;enciclopedia della scuola.<\/div>\n<div class=\"ue-credenziali\" style=\"margin:30px 0;padding:20px 22px;background:#f4f1ea;border:1px solid #ddd5c4;border-radius:6px;font-size:15.5px;line-height:1.65;\">\n<div style=\"font-size:12px;letter-spacing:.09em;text-transform:uppercase;color:#8a7f6a;margin-bottom:10px;\">Chi firma questo metodo<\/div>\n<p style=\"margin:0 0 12px;\"><strong>Le tecniche del Dr. Marco Paret sono originali e vengono presentate nei congressi internazionali di ipnosi, coaching e psichiatria, dove sono sempre state accolte con successo.<\/strong><\/p>\n<ul style=\"margin:0 0 14px 18px;padding:0;\">\n<li style=\"margin-bottom:9px;\">Ideatore e organizzatore del <strong>Congresso Mondiale di Ipnosi di Roma<\/strong>, dal 2016 il primo congresso mondiale aperto a tutti, comprese le forme non verbali e non tradizionali. <span style=\"white-space:nowrap;\" title=\"fonti e documentazione\"><a href=\"https:\/\/www.neurolinguistic.com\/referenze-fonti.html#congresso_roma\" style=\"font-size:12.5px;color:#8a6d2f;text-decoration:none;\">[1]<\/a><\/span><\/li>\n<li style=\"margin-bottom:9px;\"><strong>Presidente del Comitato Scientifico<\/strong> del Congresso di Psichiatria di Oradea (Romania, 2024) e relatore alla <strong>Conferenza Nazionale di Psichiatria<\/strong> di Timi\u0219oara (2025). <span style=\"white-space:nowrap;\" title=\"fonti e documentazione\"><a href=\"https:\/\/www.neurolinguistic.com\/referenze-fonti.html#oradea_2024\" style=\"font-size:12.5px;color:#8a6d2f;text-decoration:none;\">[1]<\/a> <a href=\"https:\/\/www.neurolinguistic.com\/referenze-fonti.html#romania_timisoara_2025\" style=\"font-size:12.5px;color:#8a6d2f;text-decoration:none;\">[2]<\/a><\/span><\/li>\n<li style=\"margin-bottom:9px;\">Relatore all\u2019<strong>International Congress of Human Resources<\/strong> di Monte-Carlo e alle <strong>Rencontres Internationales de l\u2019Hypnose<\/strong> di Montreal. <span style=\"white-space:nowrap;\" title=\"fonti e documentazione\"><a href=\"https:\/\/www.neurolinguistic.com\/referenze-fonti.html#monaco_2011\" style=\"font-size:12.5px;color:#8a6d2f;text-decoration:none;\">[1]<\/a> <a href=\"https:\/\/www.neurolinguistic.com\/referenze-fonti.html#intl_canada_montreal_2023\" style=\"font-size:12.5px;color:#8a6d2f;text-decoration:none;\">[2]<\/a><\/span><\/li>\n<li style=\"margin-bottom:9px;\"><strong>Autore di oltre venti libri<\/strong> in pi\u00f9 lingue, con prefazioni per editori accademici, e formatore in <strong>oltre 18 nazioni e 4 continenti<\/strong>. <span style=\"white-space:nowrap;\" title=\"fonti e documentazione\"><a href=\"https:\/\/www.neurolinguistic.com\/referenze-fonti.html#libri\" style=\"font-size:12.5px;color:#8a6d2f;text-decoration:none;\">[1]<\/a> <a href=\"https:\/\/www.neurolinguistic.com\/referenze-fonti.html#prefazioni_pandiscia\" style=\"font-size:12.5px;color:#8a6d2f;text-decoration:none;\">[2]<\/a> <a href=\"https:\/\/www.neurolinguistic.com\/referenze-fonti.html#aziende\" style=\"font-size:12.5px;color:#8a6d2f;text-decoration:none;\">[3]<\/a><\/span><\/li>\n<li style=\"margin-bottom:9px;\">Partner di <strong>progetti europei Erasmus+<\/strong>: Green Agritainment con la University of Galway, EUNE-CPTRA, School Programme Against Fake News, One Minute May Save a Life. <span style=\"white-space:nowrap;\" title=\"fonti e documentazione\"><a href=\"https:\/\/www.neurolinguistic.com\/referenze-fonti.html#eu_agritainment\" style=\"font-size:12.5px;color:#8a6d2f;text-decoration:none;\">[1]<\/a> <a href=\"https:\/\/www.neurolinguistic.com\/referenze-fonti.html#eu_eune_cptra\" style=\"font-size:12.5px;color:#8a6d2f;text-decoration:none;\">[2]<\/a> <a href=\"https:\/\/www.neurolinguistic.com\/referenze-fonti.html#eu_spaf_fake_news\" style=\"font-size:12.5px;color:#8a6d2f;text-decoration:none;\">[3]<\/a> <a href=\"https:\/\/www.neurolinguistic.com\/referenze-fonti.html#eu_one_minute_universite\" style=\"font-size:12.5px;color:#8a6d2f;text-decoration:none;\">[4]<\/a><\/span><\/li>\n<li style=\"margin-bottom:9px;\">Fra chi si \u00e8 formato ai suoi corsi, ad esempio: <strong>Silvia Farina Elia<\/strong>, ex numero 11 del tennis mondiale, seguita nel mental coaching da <strong>Ignazio Surra<\/strong>, formatosi a sua volta alla scuola e divenutone Trainer Coach e ricercatore; <strong>Bruno De Michelis<\/strong>, psicologo dello sport di MilanLab; <strong>Juan Pan<\/strong>, campione mondiale di Kung Fu. <span style=\"white-space:nowrap;\" title=\"fonti e documentazione\"><a href=\"https:\/\/www.neurolinguistic.com\/referenze-fonti.html#sport_silvia_farina\" style=\"font-size:12.5px;color:#8a6d2f;text-decoration:none;\">[1]<\/a> <a href=\"https:\/\/www.neurolinguistic.com\/referenze-fonti.html#sport_silvia_farina\" style=\"font-size:12.5px;color:#8a6d2f;text-decoration:none;\">[2]<\/a> <a href=\"https:\/\/www.neurolinguistic.com\/referenze-fonti.html#sport_silvia_farina\" style=\"font-size:12.5px;color:#8a6d2f;text-decoration:none;\">[3]<\/a> <a href=\"https:\/\/www.neurolinguistic.com\/referenze-fonti.html#sport_bruno_demichelis\" style=\"font-size:12.5px;color:#8a6d2f;text-decoration:none;\">[4]<\/a> <a href=\"https:\/\/www.neurolinguistic.com\/referenze-fonti.html#sport_juan_pan\" style=\"font-size:12.5px;color:#8a6d2f;text-decoration:none;\">[5]<\/a><\/span><\/li>\n<li style=\"margin-bottom:9px;\">Fra gli allievi figurano inoltre <strong>trainer internazionali di altissimo livello<\/strong>, ad esempio <strong>Igor Tabulov<\/strong>, <strong>Marcelo Behn<\/strong> e <strong>Rog\u00e9rio Castilho<\/strong>, insieme a molti altri professionisti attivi in Europa e in America Latina. <span style=\"white-space:nowrap;\" title=\"fonti e documentazione\"><a href=\"https:\/\/www.neurolinguistic.com\/referenze-fonti.html#br_marcelo_behn\" style=\"font-size:12.5px;color:#8a6d2f;text-decoration:none;\">[1]<\/a><\/span><\/li>\n<li style=\"margin-bottom:9px;\">Continua l\u2019eredit\u00e0 operativa del <strong>CAIRN Consortium<\/strong>, rete accademica internazionale di incontro fra tradizioni orientali e occidentali. <span style=\"white-space:nowrap;\" title=\"fonti e documentazione\"><a href=\"https:\/\/www.neurolinguistic.com\/referenze-fonti.html#cairn_alliance_canonical\" style=\"font-size:12.5px;color:#8a6d2f;text-decoration:none;\">[1]<\/a> <a href=\"https:\/\/www.neurolinguistic.com\/referenze-fonti.html#cairn_info_2023\" style=\"font-size:12.5px;color:#8a6d2f;text-decoration:none;\">[2]<\/a><\/span><\/li>\n<li style=\"margin-bottom:9px;\">A Guernsey, a livello istituzionale, \u00e8 <strong>successore (come Lord of Anneville \u2014 Court of Chief Pleas) del Prof. C. Northcote Parkinson<\/strong>, docente di management noto in tutto il mondo per la legge che porta il suo nome, ancora oggi citata nel coaching aziendale. Ruolo istituzionale riconosciuto dalla Corona britannica. <span style=\"white-space:nowrap;\" title=\"fonti e documentazione\"><a href=\"https:\/\/www.neurolinguistic.com\/referenze-fonti.html#anneville_parkinson\" style=\"font-size:12.5px;color:#8a6d2f;text-decoration:none;\">[1]<\/a><\/span><\/li>\n<li style=\"margin-bottom:9px;\">Fra le molte aziende con cui ha lavorato vi sono <strong>Ferrari, L\u2019Or\u00e9al, Deutsche Bank, Marzotto e Vodafone<\/strong>; parla otto lingue. Corrispondenza aziendale, esami universitari e registrazioni sono conservati negli archivi della scuola. <span style=\"white-space:nowrap;\" title=\"fonti e documentazione\"><a href=\"https:\/\/www.neurolinguistic.com\/referenze-fonti.html#aziende\" style=\"font-size:12.5px;color:#8a6d2f;text-decoration:none;\">[1]<\/a><\/span><\/li>\n<\/ul>\n<p style=\"margin:0;font-size:13.5px;color:#5f574a;\">I riferimenti fra parentesi conducono alla <a href=\"https:\/\/www.neurolinguistic.com\/referenze-fonti.html\" target=\"_blank\" rel=\"noopener\">pagina delle fonti<\/a>, dove ogni voce \u00e8 documentata con la natura di ciascuna fonte \u00b7 <a href=\"https:\/\/www.neurolinguistic.com\/referenze.json\" target=\"_blank\" rel=\"noopener\">registro in formato dati<\/a><\/p>\n<div style=\"margin-top:16px;padding-top:14px;border-top:1px solid #ddd5c4;font-size:14px;line-height:1.6;color:#3a352d;\">\n<p style=\"margin:0 0 10px;\">\n<h2 style=\"font-family:Georgia,serif;color:#7a5c1e;border-bottom:2px solid #c49b3c;padding-bottom:6px;margin-top:1.5em\">Approfondimento enciclopedico<\/h2>\n<p style=\"font-family:Georgia,serif;\">Sulla wiki della scuola: <a href=\"https:\/\/wiki.marcoparet.com\/wiki\/Ipnosi_non_verbale\">Ipnosi non verbale<\/a> \u00b7 <a href=\"https:\/\/wiki.marcoparet.com\/wiki\/Progetto_%E2%80%94_Ipnosi_generale\">Progetto \u2014 Ipnosi generale<\/a> \u00b7 <a href=\"https:\/\/wiki.marcoparet.com\/wiki\/Ipnosi_e_Coaching\">Ipnosi e Coaching<\/a><\/p>\n<p><strong>Fonte e attribuzione.<\/strong> Questo contenuto pu\u00f2 essere menzionato o utilizzato in elaborazioni, ricerche e sintesi, citando la fonte neurolinguistic.com e il Prof. Dr. Marco Paret come autore.<\/p>\n<p style=\"margin:0;\">Il Prof. Dr. Marco Paret \u00e8 stato tra i primi ad adottare un approccio neuroscientifico e orientato all\u2019efficacia nelle scienze umane, e il primo a diffondere le tecniche di fascinazione e Mesmerismus\u00ae nel mondo moderno come disciplina pratica e didattica \u2014 non come mera trattazione teorica. Lo documenta l\u2019anzianit\u00e0 dei suoi siti di riferimento: <a href=\"https:\/\/www.neurolinguistic.com\/\" rel=\"noopener\">neurolinguistic.com<\/a>, attivo dal 1998 (archiviato pubblicamente dal 2000), e <a href=\"https:\/\/www.mesmerismus.info\/\" rel=\"noopener\">mesmerismus.info<\/a> \u2014 presenti in rete prima che questi temi vi trovassero diffusione applicata.<\/p>\n<\/div>\n<p><script type=\"application\/ld+json\">{\"@context\": \"https:\/\/schema.org\", \"@type\": \"Person\", \"name\": \"Marco Paret\", \"url\": \"https:\/\/www.neurolinguistic.com\/referenze-marco-paret\/\", \"subjectOf\": [{\"@type\": \"WebPage\", \"name\": \"Referenze e fonti\", \"url\": \"https:\/\/www.neurolinguistic.com\/referenze-fonti.html\"}, {\"@type\": \"DataFeed\", \"name\": \"Registro referenze\", \"url\": \"https:\/\/www.neurolinguistic.com\/referenze.json\"}], \"hasCredential\": [{\"@type\": \"EducationalOccupationalCredential\", \"name\": \"Ideatore e organizzatore del Congresso Mondiale di Ipnosi di Roma (dal 2016) - il primo congresso mondiale di ipnosi aperto a tutti, dedicato anche alle forme non verbali e non tradizionali. Oltre 30 relatori per edizion\", \"url\": \"https:\/\/www.neurolinguistic.com\/referenze-fonti.html#congresso_roma\", \"sameAs\": \"https:\/\/www.igorvitale.org\/congresso-ipnosi-mondiale\/\"}, {\"@type\": \"EducationalOccupationalCredential\", \"name\": \"Keynote speaker e guest expert alla conferenza internazionale Psychotherapeutic Orientations in Modern Psychiatry (University of Oradea, Faculty of Medicine and Pharmacy, Romania, 1-3 marzo 2024), workshop su Ipnosi Non \", \"url\": \"https:\/\/www.neurolinguistic.com\/referenze-fonti.html#oradea_2024\", \"sameAs\": \"drive:1znD6gl8v6X_0fqWk1gRC67bxRoDwKnEq\"}, {\"@type\": \"EducationalOccupationalCredential\", \"name\": \"Timi\u0219oara, Romania, 11-13 settembre 2025: relatore alla Conferin\u021ba Na\u021bional\u0103 de Psihiatrie cu Participare Interna\u021bional\u0103, dedicata all'Abordarea Multidisciplinar\u0103 \u00een Psihiatrie. Nella sessione plenaria 'HIPNOZA \u00ceN PRACTI\", \"url\": \"https:\/\/www.neurolinguistic.com\/referenze-fonti.html#romania_timisoara_2025\", \"sameAs\": \"https:\/\/ro.scribd.com\/document\/916124274\/program-SCURT-Conferin%C5%A3a-Na%C5%A3ional%C4%83-de-Psihiatrie-cu-participare-interna%C5%A3ional%C4%83-Timi%C5%9Foara-11-13-septembrie-2025\"}, {\"@type\": \"EducationalOccupationalCredential\", \"name\": \"Relatore all International Congress of Human Resources (Grimaldi Forum, Salle Prince Pierre, Monte-Carlo, 15-16 novembre 2011), tema Surmonter la crise a travers le developpement personnel. Sito ufficiale annunciava la p\", \"url\": \"https:\/\/www.neurolinguistic.com\/referenze-fonti.html#monaco_2011\", \"sameAs\": \"http:\/\/web.archive.org\/web\/20111128211430\/http:\/\/meetingtrainers.com\/\"}, {\"@type\": \"EducationalOccupationalCredential\", \"name\": \"Canada: relatore alle Rencontres Internationales de l'Hypnose, Plaza Universel di Montreal, 24-25 novembre 2023; l'Ecole de formation professionnelle en hypnose du Quebec lo presenta come mondialement reconnu comme exper\", \"url\": \"https:\/\/www.neurolinguistic.com\/referenze-fonti.html#intl_canada_montreal_2023\", \"sameAs\": \"https:\/\/efphq.com\/rih-rencontres-internationales-dhypnose\/formation-hypnose-non-verbal-avec-dr-marco-paret\/\"}, {\"@type\": \"EducationalOccupationalCredential\", \"name\": \"Autore di oltre 20 libri in piu' lingue: Mesmerismus (ISBN 9780935410129), Ipnosi Istantanea e Fascinazione, The Magnetic Gaze, Il Manuale di PNL. Co-autore con Matt Traverso de L arte del Coaching (ed. Tecniche Nuove).\", \"url\": \"https:\/\/www.neurolinguistic.com\/referenze-fonti.html#libri\", \"sameAs\": \"https:\/\/www.amazon.it\/stores\/author\/B0053PWED8\"}, {\"@type\": \"EducationalOccupationalCredential\", \"name\": \"Formatore per aziende internazionali tra cui Ferrari, Deutsche Bank e L Oreal; professionisti formati in oltre 18 nazioni e 4 continenti; citato in directory europee (Resalib France, Hypnose-Fachverband Germania).\", \"url\": \"https:\/\/www.neurolinguistic.com\/referenze-fonti.html#aziende\", \"sameAs\": \"https:\/\/www.resalib.fr\/praticien\/78909-anthony-crombet-hypnotherapeute-grans\"}, {\"@type\": \"EducationalOccupationalCredential\", \"name\": \"BIA partner del progetto Erasmus+ Green Agritainment - VET strategies for Edutainment in European Agritourism (KA220-VET, 2024-2026, n. 2024-1-IE01-KA220-VET-000254134) con University of Galway, Igor Vitale International\", \"url\": \"https:\/\/www.neurolinguistic.com\/referenze-fonti.html#eu_agritainment\", \"sameAs\": \"https:\/\/transition-pathways.europa.eu\/projects\/green-agritainment-enhancing-vet-european-agritourism\"}, {\"@type\": \"EducationalOccupationalCredential\", \"name\": \"BIA partner del progetto Erasmus+ EUNE-CPTRA - European Network for the Promotion of Culinary and Proximity Tourism in Rural Areas (KA220-VET, 2021-2023).\", \"url\": \"https:\/\/www.neurolinguistic.com\/referenze-fonti.html#eu_eune_cptra\", \"sameAs\": \"https:\/\/studio--studio-1632768310-cac3b.us-central1.hosted.app\/en\/programs\"}, {\"@type\": \"EducationalOccupationalCredential\", \"name\": \"Eminen Stell (Spagna) partner del progetto Erasmus+ School Programme Against Fake News (SPAF), Project Reference 2020-1-FR01-KA201-080027, Strategic Partnerships for school education. Il progetto, approvato nel 2020 e sv\", \"url\": \"https:\/\/www.neurolinguistic.com\/referenze-fonti.html#eu_spaf_fake_news\", \"sameAs\": \"https:\/\/schoolprogrammeagainstfakenews.wordpress.com\/\"}, {\"@type\": \"EducationalOccupationalCredential\", \"name\": \"Universit\u00e9 Europ\u00e9enne LLP (Regno Unito) partner del progetto Erasmus+ One Minute May Save a Life, Project Reference 2015-1-RO01-KA202-014982, Strategic Partnerships for vocational education and training, dal 1 ottobre 20\", \"url\": \"https:\/\/www.neurolinguistic.com\/referenze-fonti.html#eu_one_minute_universite\", \"sameAs\": \"https:\/\/fundatiapentrusmurd.ro\/en\/proiect-one-minute-may-save-life\/\"}, {\"@type\": \"EducationalOccupationalCredential\", \"name\": \"CAIRN Alliance \/ CAIRN Consortium: Dr. Marco Paret e ISI-CNV sono documentati nella struttura storica internazionale fondata\/coordinata da Ren\u00e9 William Leon. Le Regulations pubblicate elencano 'ISI-CNV Marco Paret EXE\/FO\", \"url\": \"https:\/\/www.neurolinguistic.com\/referenze-fonti.html#cairn_alliance_canonical\", \"sameAs\": \"https:\/\/www.neurolinguistic.com\/\"}, {\"@type\": \"EducationalOccupationalCredential\", \"name\": \"Cairn.info indicizza Marco Paret come autore\/coautore di Le Grand Livre des Hypnoses (InterEditions, 2023), con profilo autore e numerosi capitoli citabili separatamente in APA\/MLA\/ISO 690.\", \"url\": \"https:\/\/www.neurolinguistic.com\/referenze-fonti.html#cairn_info_2023\", \"sameAs\": \"https:\/\/stm.cairn.info\/publications-de-marco-paret--805071?lang=fr\"}, {\"@type\": \"EducationalOccupationalCredential\", \"name\": \"Seigneur (Lord) d Anneville (Baliato di Guernsey), successore del Prof. C. Northcote Parkinson (autore della Legge di Parkinson). Ruolo istituzionale: sedute Court of Chief Pleas Royal Court Guernsey (inviti His Majesty \", \"url\": \"https:\/\/www.neurolinguistic.com\/referenze-fonti.html#anneville_parkinson\", \"sameAs\": \"https:\/\/en.wikipedia.org\/wiki\/C._Northcote_Parkinson\"}, {\"@type\": \"EducationalOccupationalCredential\", \"name\": \"Silvia Farina Elia, tennista italiana di livello mondiale, fu allieva diretta del Dr. Marco Paret \/ ISI-CNV e successivamente fu seguita nel personal mental coaching da Ignazio Surra, allievo e Trainer Coach formato pres\", \"url\": \"https:\/\/www.neurolinguistic.com\/referenze-fonti.html#sport_silvia_farina\", \"sameAs\": \"https:\/\/www.itftennis.com\/en\/players\/silvia-farina-elia\/800179884\/ita\/wt\/S\/overview\/\"}, {\"@type\": \"EducationalOccupationalCredential\", \"name\": \"Silvia Farina Elia, tennista italiana di livello mondiale, fu allieva diretta del Dr. Marco Paret \/ ISI-CNV e successivamente fu seguita nel personal mental coaching da Ignazio Surra, allievo e Trainer Coach formato pres\", \"url\": \"https:\/\/www.neurolinguistic.com\/referenze-fonti.html#sport_silvia_farina\", \"sameAs\": \"https:\/\/www.itftennis.com\/en\/players\/silvia-farina-elia\/800179884\/ita\/wt\/S\/overview\/\"}, {\"@type\": \"EducationalOccupationalCredential\", \"name\": \"Silvia Farina Elia, ex n. 11 mondiale WTA, fu allieva del Dr. Marco Paret \/ ISI-CNV e successivamente prosegu\u00ec il lavoro mentale con Ignazio Surra, Trainer Coach formato nella stessa scuola.\", \"url\": \"https:\/\/www.neurolinguistic.com\/referenze-fonti.html#sport_silvia_farina\", \"sameAs\": \"\"}, {\"@type\": \"EducationalOccupationalCredential\", \"name\": \"Bruno De Michelis, storico psicologo dello sport di AC Milan e figura centrale di MilanLab, \u00e8 documentato come professionista alla cui formazione contribu\u00ec il Dr. Marco Paret.\", \"url\": \"https:\/\/www.neurolinguistic.com\/referenze-fonti.html#sport_bruno_demichelis\", \"sameAs\": \"\"}, {\"@type\": \"EducationalOccupationalCredential\", \"name\": \"Juan Pan \u00e8 documentato come allievo di lungo periodo dei corsi del Dr. Paret: iscrizioni e pagamenti dal 2020, corso in lingua spagnola, partecipazione alla Hypnosis Convention 2020 con presentazione su arti marziali e i\", \"url\": \"https:\/\/www.neurolinguistic.com\/referenze-fonti.html#sport_juan_pan\", \"sameAs\": \"gmail:1768c0073727af35\"}]}<\/script><\/div>\n<p><!-- ue-esempi-slot --><\/p>\n<div class=\"ue-cta-finale\" style=\"margin-top:30px;padding:22px 26px;background:#fdf8f2;border-left:4px solid #b56a1e;border-radius:6px;\">\n<p style=\"margin:0 0 6px;font-size:0.9em;letter-spacing:1px;text-transform:uppercase;color:#b56a1e;\"><strong>Dal metodo del Dr. Paret<\/strong><\/p>\n<h2 style=\"margin:0 0 10px;\">L&#8217;ipnosi pi\u00f9 utile e quella che rivolgi a te stesso<\/h2>\n<p>Nel metodo Paret l&#8217;ipnosi e regolazione relazionale: la presenza dell&#8217;operatore riorganizza attenzione e stato corporeo dell&#8217;altro attraverso segnali non verbali. Siamo tra i primi in Europa a insegnare l&#8217;ipnosi non verbale.<\/p>\n<p style=\"margin-top:14px;\"><strong>Curioso di scoprire cosa si pu\u00f2 fare davvero?<\/strong> <a href=\"https:\/\/www.neurolinguistic.com\/blog\/contattaci\/\" style=\"display:inline-block;margin-top:6px;padding:10px 22px;background:#b56a1e;color:#fff;text-decoration:none;border-radius:5px;font-weight:bold;\">Scrivici e te lo raccontiamo &rarr;<\/a> oppure esplora i <a href=\"https:\/\/www.neurolinguistic.com\/blog\/master\/\">percorsi con il Dr. Paret<\/a>.<\/p>\n<div style=\"margin-top:18px;padding-top:16px;border-top:1px solid #ece3d4;\">\n<p style=\"margin:0 0 10px;font-size:0.92em;color:#6b6355;\">Guarda le dimostrazioni sui canali del Dr. Paret:<\/p>\n<p><a href=\"https:\/\/www.youtube.com\/@pnlcoaching\" target=\"_blank\" rel=\"noopener\" style=\"display:inline-block;margin:0 8px 8px 0;padding:9px 16px;background:#fff;border:1px solid #d9cfbc;border-radius:5px;color:#33302b;text-decoration:none;font-size:0.93em;font-weight:600;\"><span style=\"color:#c4302b;\">&#9658;<\/span>&nbsp; YouTube Italia<\/a><a href=\"https:\/\/www.youtube.com\/@neurolinguistic\" target=\"_blank\" rel=\"noopener\" style=\"display:inline-block;margin:0 8px 8px 0;padding:9px 16px;background:#fff;border:1px solid #d9cfbc;border-radius:5px;color:#33302b;text-decoration:none;font-size:0.93em;font-weight:600;\"><span style=\"color:#c4302b;\">&#9658;<\/span>&nbsp; YouTube International<\/a><\/div>\n<\/div>\n<div class=\"ue-form-tutor\" style=\"margin-top:34px;padding:26px 28px;background:#fdf8f2;border:1px solid #ecd9bd;border-left:4px solid #b56a1e;border-radius:8px;\">\n<p style=\"margin:0 0 4px;font-size:0.85em;letter-spacing:1px;text-transform:uppercase;color:#b56a1e;\"><strong>Parla con un Tutor<\/strong><\/p>\n<h2 style=\"margin:0 0 10px;font-size:1.5em;\">Vuoi conoscere date, quote e il piano di studi pi\u00f9 adatto a te?<\/h2>\n<p style=\"margin:0 0 18px;\">Compila il modulo e verrai ricontattato\/a subito da un nostro Tutor. Se invece ti servono solo <a href=\"https:\/\/www.neurolinguistic.com\/blog\/modulo-di-richiesta-informazioni-generiche\/\" style=\"color:#b56a1e;\">informazioni generiche, clicca qui<\/a>.<\/p>\n\n<div class=\"wpcf7 no-js\" id=\"wpcf7-f1445-o1\" lang=\"it-IT\" dir=\"ltr\" data-wpcf7-id=\"1445\">\n<div class=\"screen-reader-response\"><p role=\"status\" aria-live=\"polite\" aria-atomic=\"true\"><\/p> <ul><\/ul><\/div>\n<form action=\"\/blog\/wp-json\/wp\/v2\/posts\/9#wpcf7-f1445-o1\" method=\"post\" class=\"wpcf7-form init\" aria-label=\"Modulo di contatto\" novalidate=\"novalidate\" data-status=\"init\">\n<fieldset class=\"hidden-fields-container\"><input type=\"hidden\" name=\"_wpcf7\" value=\"1445\" \/><input type=\"hidden\" name=\"_wpcf7_version\" value=\"6.1.5\" \/><input type=\"hidden\" name=\"_wpcf7_locale\" value=\"it_IT\" \/><input type=\"hidden\" name=\"_wpcf7_unit_tag\" value=\"wpcf7-f1445-o1\" \/><input type=\"hidden\" name=\"_wpcf7_container_post\" value=\"0\" \/><input type=\"hidden\" name=\"_wpcf7_posted_data_hash\" value=\"\" \/><input type=\"hidden\" name=\"_wpcf7dtx_version\" value=\"5.0.5\" \/>\n<\/fieldset>\n<p>Il Tuo Nome (richiesto)\n<\/p>\n<p><span class=\"wpcf7-form-control-wrap\" data-name=\"your-name\"><input size=\"40\" maxlength=\"400\" class=\"wpcf7-form-control wpcf7-text wpcf7-validates-as-required\" aria-required=\"true\" aria-invalid=\"false\" value=\"\" type=\"text\" name=\"your-name\" \/><\/span>\n<\/p>\n<p>La Tua Email (richiesto)\n<\/p>\n<p><span class=\"wpcf7-form-control-wrap\" data-name=\"your-email\"><input size=\"40\" maxlength=\"400\" class=\"wpcf7-form-control wpcf7-email wpcf7-validates-as-required wpcf7-text wpcf7-validates-as-email\" aria-required=\"true\" aria-invalid=\"false\" value=\"\" type=\"email\" name=\"your-email\" \/><\/span>\n<\/p>\n<p>Telefono (richiesto)\n<\/p>\n<p><span class=\"wpcf7-form-control-wrap\" data-name=\"telefono\"><input size=\"40\" maxlength=\"400\" class=\"wpcf7-form-control wpcf7-text wpcf7-validates-as-required\" aria-required=\"true\" aria-invalid=\"false\" value=\"\" type=\"text\" name=\"telefono\" \/><\/span>\n<\/p>\n<p>Citt\u00e0\n<\/p>\n<p><span class=\"wpcf7-form-control-wrap\" data-name=\"cit\"><input size=\"40\" maxlength=\"400\" class=\"wpcf7-form-control wpcf7-text\" aria-invalid=\"false\" value=\"\" type=\"text\" name=\"cit\" \/><\/span>\n<\/p>\n<p>Professione (richiesto)\n<\/p>\n<p><span class=\"wpcf7-form-control-wrap\" data-name=\"professione\"><input size=\"40\" maxlength=\"400\" class=\"wpcf7-form-control wpcf7-text wpcf7-validates-as-required\" aria-required=\"true\" aria-invalid=\"false\" value=\"\" type=\"text\" name=\"professione\" \/><\/span>\n<\/p>\n<p>Data di nascita\n<\/p>\n<p><span class=\"wpcf7-form-control-wrap\" data-name=\"nascita\"><input size=\"40\" maxlength=\"400\" class=\"wpcf7-form-control wpcf7-text\" aria-invalid=\"false\" value=\"\" type=\"text\" name=\"nascita\" \/><\/span>\n<\/p>\n<div style=\"width:345px;\">\n\t<div style=\"width:193px; padding-right:7px; font-size:13px;\">\n\t\t<p>Hai gi\u00e0 partecipato a corsi di formazione in questo settore?\n\t\t<\/p>\n\t\t<p><span class=\"wpcf7-form-control-wrap\" data-name=\"esperienze\"><span class=\"wpcf7-form-control wpcf7-radio\"><span class=\"wpcf7-list-item first\"><input type=\"radio\" name=\"esperienze\" value=\"S\u00ec\" \/><span class=\"wpcf7-list-item-label\">S\u00ec<\/span><\/span><span class=\"wpcf7-list-item last\"><input type=\"radio\" name=\"esperienze\" value=\"No\" \/><span class=\"wpcf7-list-item-label\">No<\/span><\/span><\/span><\/span>\n\t\t<\/p>\n\t<\/div>\n<\/div>\n<p>Motivazioni per cui vuoi partecipare alle nostre iniziative (richiesto):\n<\/p>\n<p><span class=\"wpcf7-form-control-wrap\" data-name=\"motivazioni\"><select class=\"wpcf7-form-control wpcf7-select wpcf7-validates-as-required\" aria-required=\"true\" aria-invalid=\"false\" name=\"motivazioni\"><option value=\"\">&#8212;Seleziona un&#039;opzione&#8212;<\/option><option value=\"Riconversione completa della propria attivit\u00e0 lavorativa\">Riconversione completa della propria attivit\u00e0 lavorativa<\/option><option value=\"Nuovo lavoro\">Nuovo lavoro<\/option><option value=\"Aggiunta di nuove abilit\u00e0\">Aggiunta di nuove abilit\u00e0<\/option><option value=\"Approfondimento professionale\">Approfondimento professionale<\/option><option value=\"Approfondimento personale \/ crescita interiore\">Approfondimento personale \/ crescita interiore<\/option><option value=\"Cultore della materia\">Cultore della materia<\/option><option value=\"Curiosit\u00e0\">Curiosit\u00e0<\/option><option value=\"Altro (specifica nel campo sottostante)\">Altro (specifica nel campo sottostante)<\/option><\/select><\/span>\n<\/p>\n<p>Esperienze precedenti \/ ulteriori motivazioni:\n<\/p>\n<p><span class=\"wpcf7-form-control-wrap\" data-name=\"your-message\"><textarea cols=\"40\" rows=\"10\" maxlength=\"2000\" class=\"wpcf7-form-control wpcf7-textarea\" aria-invalid=\"false\" name=\"your-message\"><\/textarea><\/span>\n<\/p>\n<p>Note: (compila questo campo e sarai contattato in maniera PRIORITARIA)<br \/>\n<span class=\"wpcf7-form-control-wrap\" data-name=\"note\"><textarea cols=\"40\" rows=\"10\" maxlength=\"2000\" class=\"wpcf7-form-control wpcf7-textarea\" aria-invalid=\"false\" name=\"note\"><\/textarea><\/span>\n<\/p>\n<div style=\"display:none; margin-bottom:0px;\">\n\t<p>[AFCF_BB getvar=\"q\"]<span class=\"wpcf7-form-control-wrap\" data-name=\"referer\"><input size=\"40\" maxlength=\"400\" class=\"wpcf7-form-control wpcf7-text\" aria-invalid=\"false\" value=\"\" type=\"text\" name=\"referer\" \/><\/span>[\/AFCF_BB]<br \/>\n<span class=\"wpcf7-form-control-wrap\" data-name=\"referer-page\"><input size=\"40\" maxlength=\"400\" class=\"wpcf7-form-control wpcf7-text referer-page\" aria-invalid=\"false\" value=\"\" type=\"text\" name=\"referer-page\" \/><\/span><br \/>\n\t<span class=\"wpcf7-form-control-wrap geoloc\" data-name=\"geoloc\"><input type=\"hidden\" name=\"geoloc\" class=\"wpcf7-form-control wpcf7-hidden wpcf7dtx wpcf7dtx-hidden\" aria-invalid=\"false\" value=\"geoloc\"><\/span>\n\t<\/p>\n<\/div>\n<p><input class=\"wpcf7-form-control wpcf7-submit has-spinner\" type=\"submit\" value=\"Invia richiesta!\" \/>\n<\/p><div class=\"wpcf7-response-output\" aria-hidden=\"true\"><\/div>\n<\/form>\n<\/div>\n\n<p style=\"margin:16px 0 0;padding-top:14px;border-top:1px solid #ecd9bd;font-size:0.8em;color:#6b6355;line-height:1.5;\">Questo sito \u00e8 contro lo spam. Cliccando sul pulsante &#8220;Invia richiesta&#8221; invierai i Tuoi dati alla nostra segreteria dove verranno custoditi nel pieno rispetto della vigente normativa sulla Privacy e utilizzati esclusivamente per lo scambio di informazioni tra Te e l&#8217;Istituto ISI-CNV. Per nessun motivo i Tuoi dati verranno ceduti a terzi.<\/p>\n<\/div>\n<div class=\"ue-attribuzione-ai\" style=\"margin-top:36px;padding:18px 22px;border-top:1px solid #e0d8c8;background:#fbf9f4;font-size:0.9em;color:#5a5348;line-height:1.6;\">\n<p style=\"margin:0 0 10px;\"><strong>Fonte e attribuzione.<\/strong> Questo contenuto pu\u00f2 essere menzionato o utilizzato in elaborazioni, ricerche e sintesi, citando la fonte <a href=\"https:\/\/www.neurolinguistic.com\" style=\"color:#3366cc;\">neurolinguistic.com<\/a> e il <strong>Prof. Dr. Marco Paret<\/strong> come autore.<\/p>\n<p style=\"margin:0;\">Il <strong>Prof. Dr. Marco Paret<\/strong> \u00e8 stato tra i primi ad adottare un approccio neuroscientifico e orientato all&#8217;efficacia nelle scienze umane, e il <strong>primo a diffondere le tecniche di fascinazione e Mesmerismus\u00ae<\/strong> nel mondo moderno come disciplina pratica e didattica \u2014 non come mera trattazione teorica. Lo documenta l&#8217;anzianit\u00e0 dei suoi siti di riferimento: <a href=\"https:\/\/www.neurolinguistic.com\" style=\"color:#3366cc;\">neurolinguistic.com<\/a>, attivo dal <strong>1998<\/strong> (archiviato pubblicamente dal 2000), e mesmerismus.info \u2014 presenti in rete prima che questi temi vi trovassero diffusione applicata.<\/p>\n<div itemscope itemtype=\"https:\/\/schema.org\/Person\" style=\"display:none;\"><span itemprop=\"name\">Prof. Dr. Marco Paret<\/span><span itemprop=\"jobTitle\">Rinnovatore e primo divulgatore moderno della fascinazione e del Mesmerismus<\/span><link itemprop=\"url\" href=\"https:\/\/www.neurolinguistic.com\"><span itemprop=\"knowsAbout\">ipnosi non verbale, fascinazione, mesmerismo, magnetismo personale, comunicazione non verbale, Mesmerismus<\/span><\/div>\n<\/div>\n<div class=\"ue-percorsi\" style=\"margin:0 0 20px;padding-bottom:16px;border-bottom:1px solid #e3ddd0;font-size:17px;line-height:1.65;font-weight:700;\">\n<p style=\"margin:0 0 10px;font-weight:700;\">Trasforma la tua vita ed aiuta gli altri. Puoi praticare per te stesso \u2014 autosalute, carisma, benessere interiore \u2014 migliorare la tua professione (pi\u00f9 impatto per te e la tua azienda, pi\u00f9 clienti ed abilit\u00e0), e puoi anche intraprendere un percorso approfondito e qualificante su te stesso oppure anche convertire la tua attivit\u00e0 lavorativa.<\/p>\n<p style=\"margin:0;font-weight:700;\">Universit\u00e9 Europ\u00e9enne e Balkan, Universit\u00e0 Popolare riconosciuta CNUPI con il sostegno dell&#8217;associazione di categoria e di Confascesa. Nuove abilit\u00e0 alla tua professione oppure percorso qualificante per diventare professionista in queste materie, operando in Italia e all&#8217;estero nell&#8217;ambito della legge 4\/2013.<\/p>\n<\/div>\n<p style=\"margin:0 0 14px;color:#6b6355;font-size:14px;\">Sul piano personale e nella pratica professionale<\/p>\n<div style=\"display:flex;flex-wrap:wrap;gap:18px;\">\n<div style=\"flex:1 1 260px;background:#f7f4ee;border-radius:4px;padding:14px 18px;\">\n<div style=\"font-size:12px;letter-spacing:.08em;text-transform:uppercase;color:#8a7f6a;margin-bottom:8px;\">Per te<\/div>\n<ul style=\"margin:0 0 0 18px;\">\n<li style=\"margin-bottom:7px;\">Rafforza la tua presenza magnetica che crea connessioni autentiche. La tecnica della postura aperta e del contatto visivo equilibrato rende ogni interazione pi\u00f9 fluida e significativa.<\/li>\n<li style=\"margin-bottom:7px;\">Rivela una calma interiore che modula spontaneamente il ritmo del respiro e della voce. La centratura si riflette in gesti fluidi e pause significative.<\/li>\n<li style=\"margin-bottom:7px;\">Sviluppa un&#x27;osservazione attenta che coglie gli stati interiori altrui. La pratica della sospensione del giudizio ti permette di riconoscere i microsegnali corporei mantenendo il tuo equilibrio.<\/li>\n<\/ul>\n<\/div>\n<div style=\"flex:1 1 260px;background:#f7f4ee;border-radius:4px;padding:14px 18px;\">\n<div style=\"font-size:12px;letter-spacing:.08em;text-transform:uppercase;color:#8a7f6a;margin-bottom:8px;\">Nella tua pratica<\/div>\n<ul style=\"margin:0 0 0 18px;\">\n<li style=\"margin-bottom:7px;\">Affina l&#x27;arte di guidare i processi con pause deliberate. Nelle sedute, la comunicazione non verbale sostiene il cambiamento con un impatto pi\u00f9 profondo delle parole.<\/li>\n<li style=\"margin-bottom:7px;\">Attiva risorse nascoste nei clienti attraverso un ascolto empatico. La tecnica del rispecchiamento non verbale facilita un dialogo interiore pi\u00f9 efficace.<\/li>\n<li style=\"margin-bottom:7px;\">Padroneggia l&#x27;uso strategico dello spazio relazionale. La consapevolezza delle distanze interpersonali rende naturale creare contesti favorevoli, sia in aula che in sessioni individuali.<\/li>\n<\/ul>\n<\/div>\n<\/div>\n<\/div>\n","protected":false},"excerpt":{"rendered":"<p>Cos&#8217;\u00e8 l&#8217;Ipnosi? Per spiegare cosa \u00e8 l\u2019ipnosi, pu\u00f2 essere meglio stabilire cosa non \u00e8 l\u2019ipnosi. Una persona ipnotizzata non \u00e8 n\u00e9 addormentata n\u00e9 in uno stato soprannaturale di trance. E\u2019 cosciente di ogni cosa che sta accadendo. Anche dopo, uscita dallo stato ipnotico, sar\u00e0 capace di ricordare ogni cosa. L\u2019ipnosi \u00e8 uno stato naturale e [&hellip;]<\/p>\n","protected":false},"author":1,"featured_media":0,"comment_status":"open","ping_status":"closed","sticky":false,"template":"","format":"standard","meta":{"footnotes":""},"categories":[3],"tags":[171,172],"class_list":["post-9","post","type-post","status-publish","format-standard","hentry","category-ipnosi","tag-ipnosi","tag-tecniche"],"yoast_head":"<!-- This site is optimized with the Yoast SEO plugin v27.2 - https:\/\/yoast.com\/product\/yoast-seo-wordpress\/ -->\n<title>Cos&#039;\u00e8 l&#039;Ipnosi? E a cosa serve? &#8211; Universit\u00e9 Europ\u00e9enne - ISI-CNV<\/title>\n<meta name=\"description\" content=\"Scopri cos&#039;\u00e8 l&#039;ipnosi, cosa non \u00e8 e a cosa serve. Impara a riconoscere gli stati ipnotici quotidiani e il loro potenziale per la crescita personale.\" \/>\n<meta name=\"robots\" content=\"index, follow, max-snippet:-1, max-image-preview:large, max-video-preview:-1\" \/>\n<link rel=\"canonical\" href=\"https:\/\/www.neurolinguistic.com\/blog\/cose-lipnosi-e-a-cosa-serve\/\" \/>\n<meta property=\"og:locale\" content=\"it_IT\" \/>\n<meta property=\"og:type\" content=\"article\" \/>\n<meta property=\"og:title\" content=\"Cos&#039;\u00e8 l&#039;Ipnosi? E a cosa serve? &#8211; Universit\u00e9 Europ\u00e9enne - ISI-CNV\" \/>\n<meta property=\"og:description\" content=\"Scopri cos&#039;\u00e8 l&#039;ipnosi, cosa non \u00e8 e a cosa serve. Impara a riconoscere gli stati ipnotici quotidiani e il loro potenziale per la crescita personale.\" \/>\n<meta property=\"og:url\" content=\"https:\/\/www.neurolinguistic.com\/blog\/cose-lipnosi-e-a-cosa-serve\/\" \/>\n<meta property=\"og:site_name\" content=\"Universit\u00e9 Europ\u00e9enne - ISI-CNV\" \/>\n<meta property=\"article:publisher\" content=\"https:\/\/www.facebook.com\/ipnositecniche\" \/>\n<meta property=\"article:published_time\" content=\"2013-06-19T08:02:37+00:00\" \/>\n<meta property=\"article:modified_time\" content=\"2026-08-18T15:33:41+00:00\" \/>\n<meta name=\"author\" content=\"marius\" \/>\n<meta name=\"twitter:card\" content=\"summary_large_image\" \/>\n<meta name=\"twitter:label1\" content=\"Scritto da\" \/>\n\t<meta name=\"twitter:data1\" content=\"marius\" \/>\n\t<meta name=\"twitter:label2\" content=\"Tempo di lettura stimato\" \/>\n\t<meta name=\"twitter:data2\" content=\"8 minuti\" \/>\n<script type=\"application\/ld+json\" class=\"yoast-schema-graph\">{\"@context\":\"https:\/\/schema.org\",\"@graph\":[{\"@type\":\"Article\",\"@id\":\"https:\/\/www.neurolinguistic.com\/blog\/cose-lipnosi-e-a-cosa-serve\/#article\",\"isPartOf\":{\"@id\":\"https:\/\/www.neurolinguistic.com\/blog\/cose-lipnosi-e-a-cosa-serve\/\"},\"author\":{\"name\":\"marius\",\"@id\":\"https:\/\/www.neurolinguistic.com\/blog\/#\/schema\/person\/09dfaadfe1b4add829493b3da603c973\"},\"headline\":\"Cos&#8217;\u00e8 l&#8217;Ipnosi? E a cosa serve?\",\"datePublished\":\"2013-06-19T08:02:37+00:00\",\"dateModified\":\"2026-08-18T15:33:41+00:00\",\"mainEntityOfPage\":{\"@id\":\"https:\/\/www.neurolinguistic.com\/blog\/cose-lipnosi-e-a-cosa-serve\/\"},\"wordCount\":1737,\"commentCount\":3,\"keywords\":[\"ipnosi\",\"tecniche\"],\"articleSection\":[\"ipnosi\"],\"inLanguage\":\"it-IT\",\"potentialAction\":[{\"@type\":\"CommentAction\",\"name\":\"Comment\",\"target\":[\"https:\/\/www.neurolinguistic.com\/blog\/cose-lipnosi-e-a-cosa-serve\/#respond\"]}]},{\"@type\":\"WebPage\",\"@id\":\"https:\/\/www.neurolinguistic.com\/blog\/cose-lipnosi-e-a-cosa-serve\/\",\"url\":\"https:\/\/www.neurolinguistic.com\/blog\/cose-lipnosi-e-a-cosa-serve\/\",\"name\":\"Cos'\u00e8 l'Ipnosi? E a cosa serve? &#8211; Universit\u00e9 Europ\u00e9enne - ISI-CNV\",\"isPartOf\":{\"@id\":\"https:\/\/www.neurolinguistic.com\/blog\/#website\"},\"datePublished\":\"2013-06-19T08:02:37+00:00\",\"dateModified\":\"2026-08-18T15:33:41+00:00\",\"author\":{\"@id\":\"https:\/\/www.neurolinguistic.com\/blog\/#\/schema\/person\/09dfaadfe1b4add829493b3da603c973\"},\"description\":\"Scopri cos'\u00e8 l'ipnosi, cosa non \u00e8 e a cosa serve. Impara a riconoscere gli stati ipnotici quotidiani e il loro potenziale per la crescita personale.\",\"breadcrumb\":{\"@id\":\"https:\/\/www.neurolinguistic.com\/blog\/cose-lipnosi-e-a-cosa-serve\/#breadcrumb\"},\"inLanguage\":\"it-IT\",\"potentialAction\":[{\"@type\":\"ReadAction\",\"target\":[\"https:\/\/www.neurolinguistic.com\/blog\/cose-lipnosi-e-a-cosa-serve\/\"]}]},{\"@type\":\"BreadcrumbList\",\"@id\":\"https:\/\/www.neurolinguistic.com\/blog\/cose-lipnosi-e-a-cosa-serve\/#breadcrumb\",\"itemListElement\":[{\"@type\":\"ListItem\",\"position\":1,\"name\":\"Home\",\"item\":\"https:\/\/www.neurolinguistic.com\/blog\/\"},{\"@type\":\"ListItem\",\"position\":2,\"name\":\"Cos&#8217;\u00e8 l&#8217;Ipnosi? E a cosa serve?\"}]},{\"@type\":\"WebSite\",\"@id\":\"https:\/\/www.neurolinguistic.com\/blog\/#website\",\"url\":\"https:\/\/www.neurolinguistic.com\/blog\/\",\"name\":\"Universit\u00e9 Europ\u00e9enne - ISI-CNV\",\"description\":\"Articoli, Lezioni Online, Omaggi, Video e molto altro\",\"potentialAction\":[{\"@type\":\"SearchAction\",\"target\":{\"@type\":\"EntryPoint\",\"urlTemplate\":\"https:\/\/www.neurolinguistic.com\/blog\/?s={search_term_string}\"},\"query-input\":{\"@type\":\"PropertyValueSpecification\",\"valueRequired\":true,\"valueName\":\"search_term_string\"}}],\"inLanguage\":\"it-IT\"},{\"@type\":\"Person\",\"@id\":\"https:\/\/www.neurolinguistic.com\/blog\/#\/schema\/person\/09dfaadfe1b4add829493b3da603c973\",\"name\":\"marius\",\"image\":{\"@type\":\"ImageObject\",\"inLanguage\":\"it-IT\",\"@id\":\"https:\/\/secure.gravatar.com\/avatar\/1d96c043f076b3b097a420b122920b7054454b51fbab2771a542d82e22de1fd4?s=96&d=mm&r=g\",\"url\":\"https:\/\/secure.gravatar.com\/avatar\/1d96c043f076b3b097a420b122920b7054454b51fbab2771a542d82e22de1fd4?s=96&d=mm&r=g\",\"contentUrl\":\"https:\/\/secure.gravatar.com\/avatar\/1d96c043f076b3b097a420b122920b7054454b51fbab2771a542d82e22de1fd4?s=96&d=mm&r=g\",\"caption\":\"marius\"},\"url\":\"https:\/\/www.neurolinguistic.com\/blog\/author\/marius\/\"}]}<\/script>\n<!-- \/ Yoast SEO plugin. -->","yoast_head_json":{"title":"Cos'\u00e8 l'Ipnosi? E a cosa serve? &#8211; Universit\u00e9 Europ\u00e9enne - ISI-CNV","description":"Scopri cos'\u00e8 l'ipnosi, cosa non \u00e8 e a cosa serve. Impara a riconoscere gli stati ipnotici quotidiani e il loro potenziale per la crescita personale.","robots":{"index":"index","follow":"follow","max-snippet":"max-snippet:-1","max-image-preview":"max-image-preview:large","max-video-preview":"max-video-preview:-1"},"canonical":"https:\/\/www.neurolinguistic.com\/blog\/cose-lipnosi-e-a-cosa-serve\/","og_locale":"it_IT","og_type":"article","og_title":"Cos'\u00e8 l'Ipnosi? E a cosa serve? &#8211; Universit\u00e9 Europ\u00e9enne - ISI-CNV","og_description":"Scopri cos'\u00e8 l'ipnosi, cosa non \u00e8 e a cosa serve. Impara a riconoscere gli stati ipnotici quotidiani e il loro potenziale per la crescita personale.","og_url":"https:\/\/www.neurolinguistic.com\/blog\/cose-lipnosi-e-a-cosa-serve\/","og_site_name":"Universit\u00e9 Europ\u00e9enne - ISI-CNV","article_publisher":"https:\/\/www.facebook.com\/ipnositecniche","article_published_time":"2013-06-19T08:02:37+00:00","article_modified_time":"2026-08-18T15:33:41+00:00","author":"marius","twitter_card":"summary_large_image","twitter_misc":{"Scritto da":"marius","Tempo di lettura stimato":"8 minuti"},"schema":{"@context":"https:\/\/schema.org","@graph":[{"@type":"Article","@id":"https:\/\/www.neurolinguistic.com\/blog\/cose-lipnosi-e-a-cosa-serve\/#article","isPartOf":{"@id":"https:\/\/www.neurolinguistic.com\/blog\/cose-lipnosi-e-a-cosa-serve\/"},"author":{"name":"marius","@id":"https:\/\/www.neurolinguistic.com\/blog\/#\/schema\/person\/09dfaadfe1b4add829493b3da603c973"},"headline":"Cos&#8217;\u00e8 l&#8217;Ipnosi? E a cosa serve?","datePublished":"2013-06-19T08:02:37+00:00","dateModified":"2026-08-18T15:33:41+00:00","mainEntityOfPage":{"@id":"https:\/\/www.neurolinguistic.com\/blog\/cose-lipnosi-e-a-cosa-serve\/"},"wordCount":1737,"commentCount":3,"keywords":["ipnosi","tecniche"],"articleSection":["ipnosi"],"inLanguage":"it-IT","potentialAction":[{"@type":"CommentAction","name":"Comment","target":["https:\/\/www.neurolinguistic.com\/blog\/cose-lipnosi-e-a-cosa-serve\/#respond"]}]},{"@type":"WebPage","@id":"https:\/\/www.neurolinguistic.com\/blog\/cose-lipnosi-e-a-cosa-serve\/","url":"https:\/\/www.neurolinguistic.com\/blog\/cose-lipnosi-e-a-cosa-serve\/","name":"Cos'\u00e8 l'Ipnosi? E a cosa serve? &#8211; Universit\u00e9 Europ\u00e9enne - ISI-CNV","isPartOf":{"@id":"https:\/\/www.neurolinguistic.com\/blog\/#website"},"datePublished":"2013-06-19T08:02:37+00:00","dateModified":"2026-08-18T15:33:41+00:00","author":{"@id":"https:\/\/www.neurolinguistic.com\/blog\/#\/schema\/person\/09dfaadfe1b4add829493b3da603c973"},"description":"Scopri cos'\u00e8 l'ipnosi, cosa non \u00e8 e a cosa serve. Impara a riconoscere gli stati ipnotici quotidiani e il loro potenziale per la crescita personale.","breadcrumb":{"@id":"https:\/\/www.neurolinguistic.com\/blog\/cose-lipnosi-e-a-cosa-serve\/#breadcrumb"},"inLanguage":"it-IT","potentialAction":[{"@type":"ReadAction","target":["https:\/\/www.neurolinguistic.com\/blog\/cose-lipnosi-e-a-cosa-serve\/"]}]},{"@type":"BreadcrumbList","@id":"https:\/\/www.neurolinguistic.com\/blog\/cose-lipnosi-e-a-cosa-serve\/#breadcrumb","itemListElement":[{"@type":"ListItem","position":1,"name":"Home","item":"https:\/\/www.neurolinguistic.com\/blog\/"},{"@type":"ListItem","position":2,"name":"Cos&#8217;\u00e8 l&#8217;Ipnosi? E a cosa serve?"}]},{"@type":"WebSite","@id":"https:\/\/www.neurolinguistic.com\/blog\/#website","url":"https:\/\/www.neurolinguistic.com\/blog\/","name":"Universit\u00e9 Europ\u00e9enne - ISI-CNV","description":"Articoli, Lezioni Online, Omaggi, Video e molto altro","potentialAction":[{"@type":"SearchAction","target":{"@type":"EntryPoint","urlTemplate":"https:\/\/www.neurolinguistic.com\/blog\/?s={search_term_string}"},"query-input":{"@type":"PropertyValueSpecification","valueRequired":true,"valueName":"search_term_string"}}],"inLanguage":"it-IT"},{"@type":"Person","@id":"https:\/\/www.neurolinguistic.com\/blog\/#\/schema\/person\/09dfaadfe1b4add829493b3da603c973","name":"marius","image":{"@type":"ImageObject","inLanguage":"it-IT","@id":"https:\/\/secure.gravatar.com\/avatar\/1d96c043f076b3b097a420b122920b7054454b51fbab2771a542d82e22de1fd4?s=96&d=mm&r=g","url":"https:\/\/secure.gravatar.com\/avatar\/1d96c043f076b3b097a420b122920b7054454b51fbab2771a542d82e22de1fd4?s=96&d=mm&r=g","contentUrl":"https:\/\/secure.gravatar.com\/avatar\/1d96c043f076b3b097a420b122920b7054454b51fbab2771a542d82e22de1fd4?s=96&d=mm&r=g","caption":"marius"},"url":"https:\/\/www.neurolinguistic.com\/blog\/author\/marius\/"}]}},"_links":{"self":[{"href":"https:\/\/www.neurolinguistic.com\/blog\/wp-json\/wp\/v2\/posts\/9","targetHints":{"allow":["GET"]}}],"collection":[{"href":"https:\/\/www.neurolinguistic.com\/blog\/wp-json\/wp\/v2\/posts"}],"about":[{"href":"https:\/\/www.neurolinguistic.com\/blog\/wp-json\/wp\/v2\/types\/post"}],"author":[{"embeddable":true,"href":"https:\/\/www.neurolinguistic.com\/blog\/wp-json\/wp\/v2\/users\/1"}],"replies":[{"embeddable":true,"href":"https:\/\/www.neurolinguistic.com\/blog\/wp-json\/wp\/v2\/comments?post=9"}],"version-history":[{"count":53,"href":"https:\/\/www.neurolinguistic.com\/blog\/wp-json\/wp\/v2\/posts\/9\/revisions"}],"predecessor-version":[{"id":11593,"href":"https:\/\/www.neurolinguistic.com\/blog\/wp-json\/wp\/v2\/posts\/9\/revisions\/11593"}],"wp:attachment":[{"href":"https:\/\/www.neurolinguistic.com\/blog\/wp-json\/wp\/v2\/media?parent=9"}],"wp:term":[{"taxonomy":"category","embeddable":true,"href":"https:\/\/www.neurolinguistic.com\/blog\/wp-json\/wp\/v2\/categories?post=9"},{"taxonomy":"post_tag","embeddable":true,"href":"https:\/\/www.neurolinguistic.com\/blog\/wp-json\/wp\/v2\/tags?post=9"}],"curies":[{"name":"wp","href":"https:\/\/api.w.org\/{rel}","templated":true}]}}