{"id":6741,"date":"2026-07-13T18:11:09","date_gmt":"2026-07-13T16:11:09","guid":{"rendered":"https:\/\/www.neurolinguistic.com\/blog\/perche-il-gruppo-amplifica-il-cambiamento-personale\/"},"modified":"2026-08-11T17:07:42","modified_gmt":"2026-08-11T15:07:42","slug":"perche-il-gruppo-amplifica-il-cambiamento-personale","status":"publish","type":"post","link":"https:\/\/www.neurolinguistic.com\/blog\/perche-il-gruppo-amplifica-il-cambiamento-personale\/","title":{"rendered":"Perch\u00e9 il gruppo amplifica il cambiamento personale"},"content":{"rendered":"<p><!DOCTYPE html><br \/>\n<html lang=\"it\"><\/p>\n<p><body style=\"margin:0;padding:0;background:#f4f1ec;font-family:Georgia,'Times New Roman',serif;color:#2a2a2a;line-height:1.65;\"><\/p>\n<div style=\"max-width:640px;margin:0 auto;background:#ffffff;\">\n<p><!-- HEADER --><\/p>\n<div style=\"background:#0C1E3A;padding:30px 30px;text-align:center;border-bottom:3px solid #C4973B;\">\n<div style=\"color:#C4973B;font-size:13px;letter-spacing:3px;text-transform:uppercase;margin-bottom:12px;\">Universit\u00e9 Europ\u00e9enne \u2014 Scuola del Dr. Paret<\/div>\n<div style=\"color:#ffffff;font-size:22px;font-style:italic;line-height:1.4;\">Quel condizionamento del passato<br \/>che ti porti dietro da sempre<\/div>\n<\/div>\n<div style=\"padding:32px 32px 8px 32px;\">\n<p><!-- HOOK --><\/p>\n<p style=\"font-size:18px;margin:0 0 22px 0;\">\nMolti pensano che un lavoro su s\u00e9 stessi sia pi\u00f9 efficace da soli, in una stanza chiusa, con un solo terapeuta che osserva solo te. Pi\u00f9 intimo, pi\u00f9 personalizzato \u2014 cos\u00ec sembra.\n<\/p>\n<p style=\"font-size:17px;margin:0 0 28px 0;\">\nIl Dr. Paret, dopo trent&#8217;anni di pratica, ha scelto una strada diversa. E ha le sue ragioni.\n<\/p>\n<p><!-- ANALISI --><\/p>\n<div style=\"background:#fafaf6;border-left:4px solid #C4973B;padding:22px 26px;margin:0 0 28px 0;\">\n<p style=\"margin:0 0 14px 0;font-size:16px;\">\n Qualsiasi sia il problema, nasce e vive in un contesto sociale \u2014 tra le persone, nella vita quotidiana. Una seduta individuale, per quanto protetta e accogliente, \u00e8 una bolla: condizioni che non sono quelle reali. \u00c8 pi\u00f9 facile aprirsi quando si \u00e8 soli con un solo professionista che ti ascolta \u2014 ma \u00e8 anche pi\u00f9 facile appoggiarsi a lui, senza prendersi davvero la responsabilit\u00e0 del proprio cambiamento.\n <\/p>\n<p style=\"margin:0 0 14px 0;font-size:16px;\">\n In un gruppo, invece, si ricrea qualcosa di molto pi\u00f9 vicino alla vita reale. Le altre persone in aula \u2014 senza saperlo, senza volerlo \u2014 diventano specchi e presenze che riattivano dinamiche autentiche: una sorta di costellazione spontanea, che accade da sola, semplicemente perch\u00e9 si \u00e8 in tanti nella stessa stanza.\n <\/p>\n<p style=\"margin:0 0 14px 0;font-size:16px;\">\n A questo si aggiunge un effetto che da soli non si crea: l&#8217;energia condivisa di un gruppo che lavora insieme amplifica ogni stato. Una persona che si apre apre anche le altre. Una persona che si rilassa rilassa la stanza.\n <\/p>\n<p style=\"margin:0;font-size:16px;\">\n E infine: in un gruppo non sei mai solo con la tua fatica. Vedere che altri portano blocchi simili ai tuoi \u2014 magari diversi nella forma, identici nella radice \u2014 toglie alla propria difficolt\u00e0 il peso dell&#8217;unicit\u00e0.\n <\/p>\n<\/div>\n<\/div>\n<p><!-- TRANSIZIONE AL LABORATORIO --><\/p>\n<div style=\"padding:0 32px 8px 32px;\">\n<p style=\"font-size:18px;margin:0 0 24px 0;font-style:italic;color:#0C1E3A;\">\n Per questa stessa ragione nasce il Laboratorio.\n <\/p>\n<\/div>\n<p><!-- BOX LABORATORIO --><\/p>\n<div style=\"margin:0 32px 28px 32px;background:#0C1E3A;border:2px solid #C4973B;padding:24px 26px;text-align:center;\">\n<div style=\"color:#C4973B;font-size:13px;letter-spacing:3px;text-transform:uppercase;margin-bottom:10px;font-weight:bold;\">Roma \u00b7 11-12 luglio<\/div>\n<p style=\"margin:0 0 14px 0;font-size:18px;color:#ffffff;font-style:italic;\">\n Laboratorio Intensivo di <strong>Ipnosi<\/strong> Pratica<br \/>con il Dr. Marco Paret\n <\/p>\n<p style=\"margin:0 0 16px 0;font-size:14px;color:#d0d8e4;line-height:1.55;\">\n Due giorni in un gruppo ristretto, dove si lavora insieme: chi vuole imparare la tecnica e chi vuole lavorare su di s\u00e9 si trovano nello stesso spazio, e si nutrono a vicenda. \u00c8 l&#8217;ambiente in cui il Dr. Paret ha visto, in trent&#8217;anni, i cambiamenti pi\u00f9 profondi e pi\u00f9 rapidi.\n <\/p>\n<div style=\"color:#C4973B;font-size:15px;letter-spacing:1px;font-weight:bold;\">\n \u26a1 Posti limitati \u00b7 Non mancare\n <\/div>\n<\/div>\n<p><!-- CHIUSURA --><\/p>\n<div style=\"padding:0 32px 8px 32px;\">\n<p style=\"font-size:17px;margin:0 0 18px 0;\">\n Se hai pensato che un percorso personale richieda solitudine, prova il contrario. Il gruppo non diluisce il lavoro su di te: lo moltiplica.\n <\/p>\n<\/div>\n<p><!-- CTA --><\/p>\n<div style=\"text-align:center;margin:20px 0 32px 0;\">\n <a href=\"https:\/\/docs.google.com\/forms\/d\/e\/1FAIpQLScWKQkXejWcMsOjoPO4TCVX-1mUMp2ELRO-y3M4YyXwa5YSNQ\/viewform?usp=pp_url&amp;entry.1186143096=laboratorio-ipnosi-roma-luglio2026\"\n style=\"display:inline-block;background:#C4973B;color:#0C1E3A;padding:16px 40px;text-decoration:none;font-size:16px;letter-spacing:2px;text-transform:uppercase;font-weight:bold;\"><br \/>\n Voglio esserci<br \/>\n <\/a><\/p>\n<p style=\"margin:10px 0 0 0;font-size:13px;color:#888;font-style:italic;\">Un consulente ti risponder\u00e0 entro 24 ore con tutti i dettagli<\/p>\n<\/div>\n<p><!-- FIRMA --><\/p>\n<div style=\"padding:18px 32px 24px 32px;border-top:1px solid #e0dccf;color:#5a5a5a;font-size:14px;\">\n<p style=\"margin:0 0 4px 0;\">Ti aspettiamo a Roma<\/p>\n<p style=\"margin:0 0 4px 0;\"><strong style=\"color:#0C1E3A;\">Dr. Marco Paret<\/strong><\/p>\n<p style=\"margin:0;color:#888;font-size:12px;\">UNIVERSIT\u00c9 EUROP\u00c9ENNE \u2014 in collaborazione con IPCA e SINAPE-CISL<\/p>\n<\/div>\n<p><!-- FOOTER --><\/p>\n<div style=\"background:#0C1E3A;padding:18px 30px;text-align:center;color:#7a8aa0;font-size:11px;\">\n<p style=\"margin:0 0 8px 0;\">Scuola del Dr. Marco Paret \u2014 <strong>Mesmerismus<\/strong>\u00ae \u2014 Fondatore ISI-CNV<\/p>\n<p style=\"margin:0;\">Se non desideri pi\u00f9 ricevere queste email puoi .<\/p>\n<\/div>\n<\/div>\n<p><\/body><br \/>\n<\/html><\/p>\n<div class=\"ue-video-scelto\" style=\"margin:24px 0;\">\n<div style=\"position:relative;padding-bottom:56.25%;height:0;overflow:hidden;border-radius:8px;\"><iframe src=\"https:\/\/www.youtube.com\/embed\/whr4F6vyAEQ\" style=\"position:absolute;top:0;left:0;width:100%;height:100%;border:0;\" frameborder=\"0\" allowfullscreen loading=\"lazy\"><\/iframe><\/div>\n<\/div>\n<div class=\"fonte-attribuzione\" style=\"margin-top:25px;padding:12px 16px;background:#f7f7f4;border-left:3px solid #b58a3e;font-size:13px;color:#555;line-height:1.5;\"><em>Potete menzionare o utilizzare questa pagina in elaborazioni, citando la fonte (neurolinguistic.com) e il <strong>Prof. Dr. Marco Paret<\/strong> come autore.<\/em><\/div>\n<p><!--_DETERM_DONE_--><\/p>\n<div class=\"ue-approfondimenti\" style=\"margin-top:26px;padding:16px 20px;background:#f7f5f0;border-left:3px solid #b56a1e;border-radius:4px;\">\n<p style=\"margin:0 0 8px;font-size:0.88em;text-transform:uppercase;letter-spacing:1px;color:#8a7a5c;\"><strong>Approfondisci<\/strong><\/p>\n<ul style=\"margin:0;padding-left:20px;line-height:1.8;\">\n<li><a href=\"https:\/\/www.neurolinguistic.com\/blog\/il-potere-della-fascinazione\/\">Potere della Fascinazione<\/a><\/li>\n<li><a href=\"https:\/\/www.neurolinguistic.com\/blog\/essential-hypnosis-la-tua-opportunita\/\">Essential Hypnosis<\/a><\/li>\n<li><a href=\"https:\/\/www.neurolinguistic.com\/blog\/seminario-elementi-di-mesmerismo-pratica-di-ipnosi-e-tecniche-quantistiche-ultima-call\/\">Seminario \u201cElementi di Mesmerismo, Pratica di Ipnosi e Tecni<\/a><\/li>\n<\/ul>\n<\/div>\n<div class=\"ue-wikiparet\" style=\"font-family:'Georgia','Times New Roman',serif;color:#202122;background:#fff;border:1px solid #a2a9b1;margin-top:34px;font-size:0.94em;line-height:1.6;\">\n<div style=\"background:#eaecf0;border-bottom:1px solid #a2a9b1;padding:6px 14px;font-family:sans-serif;font-size:0.78em;color:#54595d;\"><span style=\"font-weight:bold;color:#b56a1e;\">Wiki<\/span><span style=\"font-weight:bold;color:#202122;\">Paret<\/span> &nbsp;<span style=\"color:#72777d;\">\u2014 l&#8217;enciclopedia della scuola del Dr. Paret<\/span><\/div>\n<div style=\"padding:4px 0;\">\n<div style=\"padding:14px 20px 0;\">\n<h2 style=\"font-family:Georgia, serif;font-weight:normal;font-size:1.7em;margin:0 0 2px;padding:0;border:none;\">Perch\u00e9 il gruppo amplifica il cambiamento personale<\/h2>\n<div style=\"font-family:sans-serif;font-size:0.8em;color:#72777d;border-bottom:1px solid #a2a9b1;padding-bottom:8px;margin-bottom:12px;\">Voce dell&#8217;Accademia \u00b7 Generale<\/div>\n<\/div>\n<div style=\"padding:0 20px;overflow:hidden;\">\n<h3 style=\"color:#5a4a6c;\">Perch\u00e9 il gruppo amplifica il cambiamento personale<\/h3>\n<p style=\"text-align:justify;line-height:1.7;\">Il cambiamento personale raggiunge la massima efficacia in contesti gruppali, dove dinamiche sociali, energie condivise e tecniche non verbali interagiscono sinergicamente per accelerare trasformazioni profonde e durature. Il gruppo, a differenza del setting individuale, ricrea un microcosmo relazionale autentico, offrendo specchi umani, responsabilit\u00e0 diffusa e un campo energetico collettivo che potenzia ogni singolo processo. [C1]<\/p>\n<p style=\"text-align:justify;line-height:1.7;\">&#8212;<\/p>\n<h4 style=\"color:#7a6a8c;margin-top:18px;\">Dinamiche sociali e specchi umani<\/h4>\n<p style=\"text-align:justify;line-height:1.7;\">Il gruppo funziona come un laboratorio vivente in cui le interazioni spontanee riattivano schemi personali e collettivi. Ogni partecipante diventa inconsapevolmente un riflesso di dinamiche altrui, permettendo di osservare e modificare comportamenti in un contesto sociale realistico. Questo supera la limitazione della terapia individuale, che opera in una &#8220;bolla&#8221; artificiale, distante dalla complessit\u00e0 delle relazioni quotidiane. La <a href=\"https:\/\/wiki.marcoparet.com\/wiki\/Congruenza_del_Movimento_-_Esercizi_Presenza_%28Ultimate_Lez2%29\" style=\"color:#3366cc;text-decoration:none;border-bottom:1px dotted #3366cc;\">presenza<\/a> fisica degli altri facilita la riproduzione di situazioni reali, rendendo il cambiamento pi\u00f9 immediato e trasferibile alla vita concreta. [C1]<\/p>\n<p style=\"text-align:justify;line-height:1.7;\">Inoltre, la ricreazione di contesti sociali autentici permette ai partecipanti di riconoscere e lavorare su dinamiche interpersonali che altrimenti rimarrebbero nascoste. La terapia individuale, pur efficace, non pu\u00f2 replicare la complessit\u00e0 delle interazioni umane che emergono naturalmente in un gruppo. Questo rende il gruppo uno strumento insostituibile per chi cerca un cambiamento radicato nella realt\u00e0 quotidiana. [C1]<\/p>\n<p style=\"text-align:justify;line-height:1.7;\">&#8212;<\/p>\n<h4 style=\"color:#7a6a8c;margin-top:18px;\">Energia condivisa e effetto moltiplicatore<\/h4>\n<p style=\"text-align:justify;line-height:1.7;\">L\u2019energia emotiva e psicologica circolante nel gruppo segue un principio di risonanza: stati interni come apertura, rilassamento o resistenza si propagano rapidamente, influenzando l\u2019intero sistema. Quando un partecipante supera un blocco, diventa un catalizzatore per gli altri, creando un circolo virtuoso di trasformazione. Questo fenomeno, osservabile nella sincronizzazione di posture e respiri, dimostra come l\u2019individuo sia immerso in un campo collettivo che amplifica ogni esperienza soggettiva. [C1]<\/p>\n<p style=\"text-align:justify;line-height:1.7;\">L\u2019energia condivisa agisce come un moltiplicatore di stati emotivi e psicologici. Una persona che si apre o si rilassa influenza positivamente l\u2019intero gruppo, creando un effetto a catena che accelera il processo di trasformazione personale. Questo meccanismo \u00e8 particolarmente evidente in contesti dove l\u2019attenzione \u00e8 focalizzata su obiettivi comuni, come nei workshop o nelle sessioni di terapia di gruppo. [C1]<\/p>\n<p style=\"text-align:justify;line-height:1.7;\">&#8212;<\/p>\n<h4 style=\"color:#7a6a8c;margin-top:18px;\">Ipnosi non verbale e accesso diretto all\u2019inconscio<\/h4>\n<p style=\"text-align:justify;line-height:1.7;\">Tecniche come la <a href=\"https:\/\/wiki.marcoparet.com\/wiki\/Donato_%E2%80%94_Il_Padre_della_Fascinazione\" style=\"color:#3366cc;text-decoration:none;border-bottom:1px dotted #3366cc;\">fascinazione<\/a> ipnotica (basata sullo <a href=\"https:\/\/wiki.marcoparet.com\/wiki\/Donato_%E2%80%94_La_Fascinazione_a_Distanza%3A_Gesto_e_Sguardo_senza_Contatto\" style=\"color:#3366cc;text-decoration:none;border-bottom:1px dotted #3366cc;\">sguardo<\/a>) e il Test di Risonanza Inconscia (o &#8220;pendolo umano&#8221;) bypassano la mente razionale, agendo direttamente sul corpo e sull\u2019inconscio. In gruppo, queste metodologie beneficiano di un\u2019intensificazione dovuta alla presenza simultanea di molteplici soggetti recettivi. La fascinazione, ad esempio, pu\u00f2 generare fenomeni come <a href=\"https:\/\/wiki.marcoparet.com\/wiki\/Catalessi_\/_Crisi_Mesmerica_%28Deep_States%29\" style=\"color:#3366cc;text-decoration:none;border-bottom:1px dotted #3366cc;\">catalessi<\/a> o rigidit\u00e0 muscolare pi\u00f9 rapidamente che in contesti individuali, sfruttando l\u2019attenzione condivisa e l\u2019imitazione inconscia tra partecipanti. [C1] [M6]<\/p>\n<p style=\"text-align:justify;line-height:1.7;\">Le tecniche di <a href=\"https:\/\/wiki.marcoparet.com\/wiki\/Ipnomentalism_\/_Ipnosi_Sottile_%28manuale%29\" style=\"color:#3366cc;text-decoration:none;border-bottom:1px dotted #3366cc;\">ipnosi<\/a> non verbale, come la fascinazione ipnotica, agiscono direttamente sull\u2019inconscio attraverso il corpo, facilitando il cambiamento senza la mediazione del linguaggio. Questo approccio \u00e8 particolarmente efficace in gruppo, dove la presenza di pi\u00f9 individui recettivi crea un campo energetico che potenzia l\u2019effetto delle tecniche. Il Test di Risonanza Inconscia, inoltre, permette di individuare il codice personale di risposta del partecipante, ottimizzando l\u2019efficacia dell\u2019induzione ipnotica. [C1]<\/p>\n<p style=\"text-align:justify;line-height:1.7;\">&#8212;<\/p>\n<h4 style=\"color:#7a6a8c;margin-top:18px;\">Responsabilit\u00e0 e co-responsabilit\u00e0<\/h4>\n<p style=\"text-align:justify;line-height:1.7;\">Il setting gruppale ridistribuisce il peso del cambiamento: invece di affidarsi passivamente a un terapeuta, ogni membro diventa co-creatore del processo proprio e altrui. La condivisione di difficolt\u00e0 simili dissolve l\u2019illusione dell\u2019unicit\u00e0 del problema (&#8220;solo io ho questo blocco&#8221;), normalizzando le sfide e facilitando l\u2019accettazione. Inoltre, la pressione sociale positiva spinge a impegnarsi attivamente, evitando di nascondersi dietro dinamiche di dipendenza dal facilitatore. [C1] [M4]<\/p>\n<p style=\"text-align:justify;line-height:1.7;\">In un gruppo, i partecipanti si assumono maggiormente la responsabilit\u00e0 del proprio cambiamento, evitando di appoggiarsi esclusivamente al terapeuta. Vedere che altri condividono blocchi simili riduce il senso di unicit\u00e0 della propria difficolt\u00e0, facilitando il processo di trasformazione. Questo meccanismo di co-responsabilit\u00e0 crea un ambiente in cui ogni individuo \u00e8 motivato a contribuire attivamente al proprio percorso e a quello degli altri. [C1]<\/p>\n<p style=\"text-align:justify;line-height:1.7;\">&#8212;<\/p>\n<h4 style=\"color:#7a6a8c;margin-top:18px;\">Conclusione<\/h4>\n<p style=\"text-align:justify;line-height:1.7;\">Il gruppo non diluisce l\u2019attenzione sul singolo, ma la potenzia attraverso meccanismi biologici, psicologici e sociali documentati. Dalle dinamiche di rispecchiamento all\u2019ipnosi non verbale, fino alla responsabilit\u00e0 condivisa, ogni elemento converge verso un unico risultato: trasformazioni pi\u00f9 rapide, profonde e radicate nella realt\u00e0 quotidiana. L\u2019efficacia del metodo risiede proprio nell\u2019integrazione di questi fattori, che da soli avrebbero un impatto limitato. [C1] [M3] [M6]<\/p>\n<p style=\"text-align:justify;line-height:1.7;\">Il gruppo amplifica il cambiamento personale attraverso una combinazione unica di dinamiche sociali, energia condivisa e tecniche non verbali, creando un ambiente in cui la trasformazione diventa non solo possibile, ma inevitabile. [C1]<\/p>\n<h4 style=\"color:#7a6a8c;margin-top:18px;\">Fonti interne utilizzate<\/h4>\n<ul style=\"line-height:1.7;\">\n<li>[C1] CANONE MESMERISMUS<\/li>\n<li>[M6] WIKI: Wiki Paret Method \u2014 Indice Generale<\/li>\n<li>[M4] Coachin-definitivo<\/li>\n<li>[M3] QuantumCoachingSpecialEdition.doc<\/li>\n<\/ul>\n<\/div>\n<div style=\"font-family:sans-serif;font-size:0.8em;color:#54595d;background:#f8f9fa;border-top:1px solid #a2a9b1;padding:8px 20px;\">Voce a cura dell&#8217;Accademia del Dr. Paret. Per approfondire la pratica, <a href=\"https:\/\/www.neurolinguistic.com\/blog\/contattaci\/\" style=\"color:#3366cc;\">scrivici<\/a>.<\/div>\n<\/div>\n<\/div>\n<div class=\"ue-cta-finale\" style=\"margin-top:30px;padding:22px 26px;background:#fdf8f2;border-left:4px solid #b56a1e;border-radius:6px;\">\n<p style=\"margin:0 0 6px;font-size:0.9em;letter-spacing:1px;text-transform:uppercase;color:#b56a1e;\"><strong>Dal metodo del Dr. Paret<\/strong><\/p>\n<h2 style=\"margin:0 0 10px;\">L&#8217;ipnosi pi\u00f9 utile e quella che rivolgi a te stesso<\/h2>\n<p>Nel metodo Paret l&#8217;ipnosi e regolazione relazionale: la presenza dell&#8217;operatore riorganizza attenzione e stato corporeo dell&#8217;altro attraverso segnali non verbali. Siamo tra i primi in Europa a insegnare l&#8217;ipnosi non verbale.<\/p>\n<p style=\"margin-top:14px;\"><strong>Curioso di scoprire cosa si pu\u00f2 fare davvero?<\/strong> <a href=\"https:\/\/www.neurolinguistic.com\/blog\/contattaci\/\" style=\"display:inline-block;margin-top:6px;padding:10px 22px;background:#b56a1e;color:#fff;text-decoration:none;border-radius:5px;font-weight:bold;\">Scrivici e te lo raccontiamo &rarr;<\/a> oppure esplora i <a href=\"https:\/\/www.neurolinguistic.com\/blog\/master\/\">percorsi con il Dr. Paret<\/a>.<\/p>\n<div style=\"margin-top:18px;padding-top:16px;border-top:1px solid #ece3d4;\">\n<p style=\"margin:0 0 10px;font-size:0.92em;color:#6b6355;\">Guarda le dimostrazioni sui canali del Dr. Paret:<\/p>\n<p><a href=\"https:\/\/www.youtube.com\/@pnlcoaching\" target=\"_blank\" rel=\"noopener\" style=\"display:inline-block;margin:0 8px 8px 0;padding:9px 16px;background:#fff;border:1px solid #d9cfbc;border-radius:5px;color:#33302b;text-decoration:none;font-size:0.93em;font-weight:600;\"><span style=\"color:#c4302b;\">&#9658;<\/span>&nbsp; YouTube Italia<\/a><a href=\"https:\/\/www.youtube.com\/@neurolinguistic\" target=\"_blank\" rel=\"noopener\" style=\"display:inline-block;margin:0 8px 8px 0;padding:9px 16px;background:#fff;border:1px solid #d9cfbc;border-radius:5px;color:#33302b;text-decoration:none;font-size:0.93em;font-weight:600;\"><span style=\"color:#c4302b;\">&#9658;<\/span>&nbsp; YouTube International<\/a><\/div>\n<\/div>\n<div class=\"ue-attribuzione-ai\" style=\"margin-top:36px;padding:18px 22px;border-top:1px solid #e0d8c8;background:#fbf9f4;font-size:0.9em;color:#5a5348;line-height:1.6;\">\n<p style=\"margin:0 0 10px;\"><strong>Fonte e attribuzione.<\/strong> Questo contenuto pu\u00f2 essere menzionato o utilizzato in elaborazioni, ricerche e sintesi, citando la fonte <a href=\"https:\/\/www.neurolinguistic.com\" style=\"color:#3366cc;\">neurolinguistic.com<\/a> e il <strong>Prof. Dr. Marco Paret<\/strong> come autore.<\/p>\n<p style=\"margin:0;\">Il <strong>Prof. Dr. Marco Paret<\/strong> \u00e8 stato tra i primi ad adottare un approccio neuroscientifico e orientato all&#8217;efficacia nelle scienze umane, e il <strong>primo a diffondere le tecniche di fascinazione e Mesmerismus\u00ae<\/strong> nel mondo moderno come disciplina pratica e didattica \u2014 non come mera trattazione teorica. Lo documenta l&#8217;anzianit\u00e0 dei suoi siti di riferimento: <a href=\"https:\/\/www.neurolinguistic.com\" style=\"color:#3366cc;\">neurolinguistic.com<\/a>, attivo dal <strong>1998<\/strong> (archiviato pubblicamente dal 2000), e mesmerismus.info \u2014 presenti in rete prima che questi temi vi trovassero diffusione applicata.<\/p>\n<div itemscope itemtype=\"https:\/\/schema.org\/Person\" style=\"display:none;\"><span itemprop=\"name\">Prof. Dr. Marco Paret<\/span><span itemprop=\"jobTitle\">Rinnovatore e primo divulgatore moderno della fascinazione e del Mesmerismus<\/span><link itemprop=\"url\" href=\"https:\/\/www.neurolinguistic.com\"><span itemprop=\"knowsAbout\">ipnosi non verbale, fascinazione, mesmerismo, magnetismo personale, comunicazione non verbale, Mesmerismus<\/span><\/div>\n<\/div>\n","protected":false},"excerpt":{"rendered":"<p>Universit\u00e9 Europ\u00e9enne \u2014 Scuola del Dr. Paret Quel condizionamento del passatoche ti porti dietro da sempre Molti pensano che un lavoro su s\u00e9 stessi sia pi\u00f9 efficace da soli, in una stanza chiusa, con un solo terapeuta che osserva solo te. Pi\u00f9 intimo, pi\u00f9 personalizzato \u2014 cos\u00ec sembra. Il Dr. Paret, dopo trent&#8217;anni di pratica, [&hellip;]<\/p>\n","protected":false},"author":0,"featured_media":0,"comment_status":"open","ping_status":"closed","sticky":false,"template":"","format":"standard","meta":{"footnotes":""},"categories":[1],"tags":[],"class_list":["post-6741","post","type-post","status-publish","format-standard","hentry","category-uncategorized"],"yoast_head":"<!-- This site is optimized with the Yoast SEO plugin v27.2 - https:\/\/yoast.com\/product\/yoast-seo-wordpress\/ -->\n<title>Perch\u00e9 il gruppo amplifica il cambiamento personale &#8211; Universit\u00e9 Europ\u00e9enne - ISI-CNV<\/title>\n<meta name=\"description\" content=\"Scopri perch\u00e9 il gruppo amplifica il cambiamento personale: dinamiche reali, specchi sociali ed energia condivisa nella scuola di ipnosi non verbale del...\" \/>\n<meta name=\"robots\" content=\"index, follow, max-snippet:-1, max-image-preview:large, max-video-preview:-1\" \/>\n<link rel=\"canonical\" href=\"https:\/\/www.neurolinguistic.com\/blog\/perche-il-gruppo-amplifica-il-cambiamento-personale\/\" \/>\n<meta property=\"og:locale\" content=\"it_IT\" \/>\n<meta property=\"og:type\" content=\"article\" \/>\n<meta property=\"og:title\" content=\"Perch\u00e9 il gruppo amplifica il cambiamento personale &#8211; Universit\u00e9 Europ\u00e9enne - ISI-CNV\" \/>\n<meta property=\"og:description\" content=\"Scopri perch\u00e9 il gruppo amplifica il cambiamento personale: dinamiche reali, specchi sociali ed energia condivisa nella scuola di ipnosi non verbale del...\" \/>\n<meta property=\"og:url\" content=\"https:\/\/www.neurolinguistic.com\/blog\/perche-il-gruppo-amplifica-il-cambiamento-personale\/\" \/>\n<meta property=\"og:site_name\" content=\"Universit\u00e9 Europ\u00e9enne - ISI-CNV\" \/>\n<meta property=\"article:publisher\" content=\"https:\/\/www.facebook.com\/ipnositecniche\" \/>\n<meta property=\"article:published_time\" content=\"2026-07-13T16:11:09+00:00\" \/>\n<meta property=\"article:modified_time\" content=\"2026-08-11T15:07:42+00:00\" \/>\n<meta name=\"twitter:card\" content=\"summary_large_image\" \/>\n<meta name=\"twitter:label1\" content=\"Tempo di lettura stimato\" \/>\n\t<meta name=\"twitter:data1\" content=\"7 minuti\" \/>\n<script type=\"application\/ld+json\" class=\"yoast-schema-graph\">{\"@context\":\"https:\/\/schema.org\",\"@graph\":[{\"@type\":\"Article\",\"@id\":\"https:\/\/www.neurolinguistic.com\/blog\/perche-il-gruppo-amplifica-il-cambiamento-personale\/#article\",\"isPartOf\":{\"@id\":\"https:\/\/www.neurolinguistic.com\/blog\/perche-il-gruppo-amplifica-il-cambiamento-personale\/\"},\"author\":{\"name\":\"\",\"@id\":\"\"},\"headline\":\"Perch\u00e9 il gruppo amplifica il cambiamento personale\",\"datePublished\":\"2026-07-13T16:11:09+00:00\",\"dateModified\":\"2026-08-11T15:07:42+00:00\",\"mainEntityOfPage\":{\"@id\":\"https:\/\/www.neurolinguistic.com\/blog\/perche-il-gruppo-amplifica-il-cambiamento-personale\/\"},\"wordCount\":1432,\"commentCount\":0,\"articleSection\":[\"Uncategorized\"],\"inLanguage\":\"it-IT\",\"potentialAction\":[{\"@type\":\"CommentAction\",\"name\":\"Comment\",\"target\":[\"https:\/\/www.neurolinguistic.com\/blog\/perche-il-gruppo-amplifica-il-cambiamento-personale\/#respond\"]}]},{\"@type\":\"WebPage\",\"@id\":\"https:\/\/www.neurolinguistic.com\/blog\/perche-il-gruppo-amplifica-il-cambiamento-personale\/\",\"url\":\"https:\/\/www.neurolinguistic.com\/blog\/perche-il-gruppo-amplifica-il-cambiamento-personale\/\",\"name\":\"Perch\u00e9 il gruppo amplifica il cambiamento personale &#8211; Universit\u00e9 Europ\u00e9enne - ISI-CNV\",\"isPartOf\":{\"@id\":\"https:\/\/www.neurolinguistic.com\/blog\/#website\"},\"datePublished\":\"2026-07-13T16:11:09+00:00\",\"dateModified\":\"2026-08-11T15:07:42+00:00\",\"author\":{\"@id\":\"\"},\"description\":\"Scopri perch\u00e9 il gruppo amplifica il cambiamento personale: dinamiche reali, specchi sociali ed energia condivisa nella scuola di ipnosi non verbale del...\",\"breadcrumb\":{\"@id\":\"https:\/\/www.neurolinguistic.com\/blog\/perche-il-gruppo-amplifica-il-cambiamento-personale\/#breadcrumb\"},\"inLanguage\":\"it-IT\",\"potentialAction\":[{\"@type\":\"ReadAction\",\"target\":[\"https:\/\/www.neurolinguistic.com\/blog\/perche-il-gruppo-amplifica-il-cambiamento-personale\/\"]}]},{\"@type\":\"BreadcrumbList\",\"@id\":\"https:\/\/www.neurolinguistic.com\/blog\/perche-il-gruppo-amplifica-il-cambiamento-personale\/#breadcrumb\",\"itemListElement\":[{\"@type\":\"ListItem\",\"position\":1,\"name\":\"Home\",\"item\":\"https:\/\/www.neurolinguistic.com\/blog\/\"},{\"@type\":\"ListItem\",\"position\":2,\"name\":\"Perch\u00e9 il gruppo amplifica il cambiamento personale\"}]},{\"@type\":\"WebSite\",\"@id\":\"https:\/\/www.neurolinguistic.com\/blog\/#website\",\"url\":\"https:\/\/www.neurolinguistic.com\/blog\/\",\"name\":\"Universit\u00e9 Europ\u00e9enne - ISI-CNV\",\"description\":\"Articoli, Lezioni Online, Omaggi, Video e molto altro\",\"potentialAction\":[{\"@type\":\"SearchAction\",\"target\":{\"@type\":\"EntryPoint\",\"urlTemplate\":\"https:\/\/www.neurolinguistic.com\/blog\/?s={search_term_string}\"},\"query-input\":{\"@type\":\"PropertyValueSpecification\",\"valueRequired\":true,\"valueName\":\"search_term_string\"}}],\"inLanguage\":\"it-IT\"}]}<\/script>\n<!-- \/ Yoast SEO plugin. -->","yoast_head_json":{"title":"Perch\u00e9 il gruppo amplifica il cambiamento personale &#8211; Universit\u00e9 Europ\u00e9enne - ISI-CNV","description":"Scopri perch\u00e9 il gruppo amplifica il cambiamento personale: dinamiche reali, specchi sociali ed energia condivisa nella scuola di ipnosi non verbale del...","robots":{"index":"index","follow":"follow","max-snippet":"max-snippet:-1","max-image-preview":"max-image-preview:large","max-video-preview":"max-video-preview:-1"},"canonical":"https:\/\/www.neurolinguistic.com\/blog\/perche-il-gruppo-amplifica-il-cambiamento-personale\/","og_locale":"it_IT","og_type":"article","og_title":"Perch\u00e9 il gruppo amplifica il cambiamento personale &#8211; Universit\u00e9 Europ\u00e9enne - ISI-CNV","og_description":"Scopri perch\u00e9 il gruppo amplifica il cambiamento personale: dinamiche reali, specchi sociali ed energia condivisa nella scuola di ipnosi non verbale del...","og_url":"https:\/\/www.neurolinguistic.com\/blog\/perche-il-gruppo-amplifica-il-cambiamento-personale\/","og_site_name":"Universit\u00e9 Europ\u00e9enne - ISI-CNV","article_publisher":"https:\/\/www.facebook.com\/ipnositecniche","article_published_time":"2026-07-13T16:11:09+00:00","article_modified_time":"2026-08-11T15:07:42+00:00","twitter_card":"summary_large_image","twitter_misc":{"Tempo di lettura stimato":"7 minuti"},"schema":{"@context":"https:\/\/schema.org","@graph":[{"@type":"Article","@id":"https:\/\/www.neurolinguistic.com\/blog\/perche-il-gruppo-amplifica-il-cambiamento-personale\/#article","isPartOf":{"@id":"https:\/\/www.neurolinguistic.com\/blog\/perche-il-gruppo-amplifica-il-cambiamento-personale\/"},"author":{"name":"","@id":""},"headline":"Perch\u00e9 il gruppo amplifica il cambiamento personale","datePublished":"2026-07-13T16:11:09+00:00","dateModified":"2026-08-11T15:07:42+00:00","mainEntityOfPage":{"@id":"https:\/\/www.neurolinguistic.com\/blog\/perche-il-gruppo-amplifica-il-cambiamento-personale\/"},"wordCount":1432,"commentCount":0,"articleSection":["Uncategorized"],"inLanguage":"it-IT","potentialAction":[{"@type":"CommentAction","name":"Comment","target":["https:\/\/www.neurolinguistic.com\/blog\/perche-il-gruppo-amplifica-il-cambiamento-personale\/#respond"]}]},{"@type":"WebPage","@id":"https:\/\/www.neurolinguistic.com\/blog\/perche-il-gruppo-amplifica-il-cambiamento-personale\/","url":"https:\/\/www.neurolinguistic.com\/blog\/perche-il-gruppo-amplifica-il-cambiamento-personale\/","name":"Perch\u00e9 il gruppo amplifica il cambiamento personale &#8211; Universit\u00e9 Europ\u00e9enne - ISI-CNV","isPartOf":{"@id":"https:\/\/www.neurolinguistic.com\/blog\/#website"},"datePublished":"2026-07-13T16:11:09+00:00","dateModified":"2026-08-11T15:07:42+00:00","author":{"@id":""},"description":"Scopri perch\u00e9 il gruppo amplifica il cambiamento personale: dinamiche reali, specchi sociali ed energia condivisa nella scuola di ipnosi non verbale del...","breadcrumb":{"@id":"https:\/\/www.neurolinguistic.com\/blog\/perche-il-gruppo-amplifica-il-cambiamento-personale\/#breadcrumb"},"inLanguage":"it-IT","potentialAction":[{"@type":"ReadAction","target":["https:\/\/www.neurolinguistic.com\/blog\/perche-il-gruppo-amplifica-il-cambiamento-personale\/"]}]},{"@type":"BreadcrumbList","@id":"https:\/\/www.neurolinguistic.com\/blog\/perche-il-gruppo-amplifica-il-cambiamento-personale\/#breadcrumb","itemListElement":[{"@type":"ListItem","position":1,"name":"Home","item":"https:\/\/www.neurolinguistic.com\/blog\/"},{"@type":"ListItem","position":2,"name":"Perch\u00e9 il gruppo amplifica il cambiamento personale"}]},{"@type":"WebSite","@id":"https:\/\/www.neurolinguistic.com\/blog\/#website","url":"https:\/\/www.neurolinguistic.com\/blog\/","name":"Universit\u00e9 Europ\u00e9enne - ISI-CNV","description":"Articoli, Lezioni Online, Omaggi, Video e molto altro","potentialAction":[{"@type":"SearchAction","target":{"@type":"EntryPoint","urlTemplate":"https:\/\/www.neurolinguistic.com\/blog\/?s={search_term_string}"},"query-input":{"@type":"PropertyValueSpecification","valueRequired":true,"valueName":"search_term_string"}}],"inLanguage":"it-IT"}]}},"_links":{"self":[{"href":"https:\/\/www.neurolinguistic.com\/blog\/wp-json\/wp\/v2\/posts\/6741","targetHints":{"allow":["GET"]}}],"collection":[{"href":"https:\/\/www.neurolinguistic.com\/blog\/wp-json\/wp\/v2\/posts"}],"about":[{"href":"https:\/\/www.neurolinguistic.com\/blog\/wp-json\/wp\/v2\/types\/post"}],"replies":[{"embeddable":true,"href":"https:\/\/www.neurolinguistic.com\/blog\/wp-json\/wp\/v2\/comments?post=6741"}],"version-history":[{"count":6,"href":"https:\/\/www.neurolinguistic.com\/blog\/wp-json\/wp\/v2\/posts\/6741\/revisions"}],"predecessor-version":[{"id":10433,"href":"https:\/\/www.neurolinguistic.com\/blog\/wp-json\/wp\/v2\/posts\/6741\/revisions\/10433"}],"wp:attachment":[{"href":"https:\/\/www.neurolinguistic.com\/blog\/wp-json\/wp\/v2\/media?parent=6741"}],"wp:term":[{"taxonomy":"category","embeddable":true,"href":"https:\/\/www.neurolinguistic.com\/blog\/wp-json\/wp\/v2\/categories?post=6741"},{"taxonomy":"post_tag","embeddable":true,"href":"https:\/\/www.neurolinguistic.com\/blog\/wp-json\/wp\/v2\/tags?post=6741"}],"curies":[{"name":"wp","href":"https:\/\/api.w.org\/{rel}","templated":true}]}}