{"id":4298,"date":"2026-09-05T11:00:00","date_gmt":"2026-09-05T11:00:00","guid":{"rendered":"https:\/\/www.neurolinguistic.com\/blog\/?p=4298"},"modified":"2026-03-25T22:37:10","modified_gmt":"2026-03-25T21:37:10","slug":"un-nostro-mental-coach-alla-dakar-storie-di-successo-1","status":"publish","type":"post","link":"https:\/\/www.neurolinguistic.com\/blog\/un-nostro-mental-coach-alla-dakar-storie-di-successo-1\/","title":{"rendered":"Un nostro Mental Coach alla Dakar? &#8211; Storie di Successo #1"},"content":{"rendered":"<div style=\"margin-bottom:1.5em;padding:0.8em 1.2em;background:#f7f3eb;border-left:4px solid #c4973b;border-radius:4px;font-size:0.9em;color:#555;\"><strong>\ud83d\udcec Dal nostro archivio<\/strong> \u2014 Questa newsletter \u00e8 tratta dal nostro archivio di contenuti formativi.<\/div>\n<div style=\"margin-bottom:20px;padding:12px 16px;background:#f7f3eb;border-left:3px solid #c4973b;border-radius:0 8px 8px 0;font-size:0.9rem;color:#5a5a5a\">\n<strong>Newsletter del <\/strong> \u2014 Dr. Marco Paret, ISI-CNV<\/div>\n<p>Un nostro Mental Coach alla Dakar? &#8211; Storie di Successo<\/p>\n<p>Ciao, ! \ud83d\udc4b<\/p>\n<p>Oggi voglio condividere con te una Storia di successo. Si tratta di<\/p>\n<p>Luca Delfanti<\/p>\n<p>, un allievo uscito dalla<\/p>\n<p>, che ha fatto grandi cose grazie alla sua determinazione e alla sua passione,\u00a0fino ad arrivare a preparare gli equipaggi in vista della<\/p>\n<p>Dakar 2025<\/p>\n<p>per la preparazione psicologica!\u00a0\ud83d\ude0d<\/p>\n<p>Ma facciamo un passo indietro, Luca Delfanti,<\/p>\n<p>Mental Coach sportivo<\/p>\n<p>,<\/p>\n<p>Coach, Formatore,<\/p>\n<p>esperto e certificato, studioso di tecniche per il benessere, facilitatore nelle pratiche di<\/p>\n<p>Visualizzazione<\/p>\n<p>e<\/p>\n<p>Meditazione<\/p>\n<p>,<\/p>\n<p>ha frequentato negli anni corsi di formazione<\/p>\n<p>e Masterclass<\/p>\n<p>di\u00a0Magnetismo, Fascinazione, Comunicazione Non Verbale , Coaching e Programmazione NeuroLinguistica.\u00a0\ud83e\udd29<\/p>\n<p>Partito per passione dall\u2019ambito sportivo, in particolare dal motorsport,<\/p>\n<p>oggi supporta anche manager, executive, professionisti, imprenditori , artisti e privati,<\/p>\n<p>spesso utilizzando la metafora dello sport, calata nei contesti di riferimento.<\/p>\n<p>E adesso<\/p>\n<p>anche gli equipaggi della Dakar 2025!<\/p>\n<p>\ud83e\udd29 Sai cosa significa questo? Significa che Luca sar\u00e0 l\u00ec, dietro le quinte, supportando gli atleti in uno degli eventi pi\u00f9 impegnativi del mondo.<\/p>\n<p>La Dakar non \u00e8 solo una gara di motori, \u00e8 molto di pi\u00f9. \ud83d\ude09 \u00c8 una prova di<\/p>\n<p>resistenza mentale e fisica<\/p>\n<p>, che mette alla prova gli atleti come poche altre. Richiede concentrazione, disciplina e una pianificazione impeccabile. E Luca sar\u00e0 l\u00ec, al loro fianco, per<\/p>\n<p>aiutarli a superare ogni ostacolo<\/p>\n<p>e a mantenere alta la loro motivazione. \ud83d\ude0d<\/p>\n<p>Ma non \u00e8 finita qui. Luca ha tenuto anche un Talk al<\/p>\n<p>Touring Club Svizzero<\/p>\n<p>, Sezione Ticino di Rivera, dove ha condiviso la sua esperienza e parlato dell&#8217;importanza della preparazione mentale e psicologica. \u00c8 stato un incontro davvero speciale, organizzato da<\/p>\n<p>Victorious e Desert Endurance Motorsport<\/p>\n<p>, con il sostegno di<\/p>\n<p>Automobile Club Lugano Classic<\/p>\n<p>(ti lascio<\/p>\n<p>a questo link l&#8217;articolo completo dell&#8217;evento\u00a0\u2197<\/p>\n<p>\ud83d\ude09)<\/p>\n<p>Questa storia ci ricorda che i sogni possono diventare realt\u00e0, se ci crediamo veramente.\u00a0\ud83d\ude0d Luca ci ha dimostrato che con passione, impegno e determinazione, tutto \u00e8 possibile. Sopratutto avviare una carriera grazie al<\/p>\n<p>Coaching<\/p>\n<p>, all&#8217;Ipnotismo e in tutto il campo del settore olistico! \ud83d\ude09 Queste discipline sono sempre pi\u00f9 ricercate oggi rispetto a ieri, proprio perch\u00e9 l&#8217;equilibrio e il<\/p>\n<p>mindsetting<\/p>\n<p>, in questa societ\u00e0 cos\u00ec frenetica,<\/p>\n<p>sono sempre pi\u00f9\u00a0importanti per il benessere mentale e fisico<\/p>\n<p>. L&#8217;idea di lavorare nel campo del coaching, dell&#8217;ipnotismo e dell&#8217;olismo<\/p>\n<p>\u00e8 diventata sempre pi\u00f9 allettante<\/p>\n<p>per coloro che cercano un modo per aiutare gli altri a raggiungere il loro pieno potenziale e<\/p>\n<p>vivere una vita pi\u00f9 soddisfacente e appagante<\/p>\n<p>. Queste discipline offrono strumenti potenti per promuovere la consapevolezza, il cambiamento positivo e la crescita personale!\u00a0\ud83e\udd17<\/p>\n<p>\ud83d\udce3 Attenzione: Vuoi imparare queste tecniche dal vivo? Ti ricordo\u00a0i prossimi<\/p>\n<p>Seminar<\/p>\n<p>dal vivo a\u00a0Roma\u00a0e a\u00a0Milano:<\/p>\n<p>6 &#8211; 9\u00a0maggio<\/p>\n<p>a<\/p>\n<p>Roma<\/p>\n<p>&#8211;<\/p>\n<p>Mesmerismus, Fascinazione, Presenza e Hypnotypes<\/p>\n<p>13- 16 giugno<\/p>\n<p>a<\/p>\n<p>Milano<\/p>\n<p>&#8211;<\/p>\n<p>Mesmerismus, Fascinazione, Presenza e Hypnotypes<\/p>\n<p>\ud83d\udce3\u00a0E per il<\/p>\n<p>Congresso<\/p>\n<p>che si terr\u00e0<\/p>\n<p>esclusivamente\u00a0online<\/p>\n<p>invece l&#8217;appuntamento \u00e8:<\/p>\n<p>31 maggio &#8211; 2 giugno<\/p>\n<p>sulla piattaforma<\/p>\n<p>Zoom<\/p>\n<p>Per chiederci\u00a0info e prenotazioni qua sotto\u00a0\u00a0\ud83d\udc47 trovi\u00a0il nostro modulo di contatto!<\/p>\n<p>Noi ci leggiamo alla prossima!\u00a0\u00a0\ud83d\udc4b<\/p>\n<p>Vai al modulo di contatto!<\/p>\n<p>Marco Paret<\/p>\n<p>Fondatore<\/p>\n<p> per disiscriverti<\/p>\n<p>.<\/p>\n<\/p>\n<div style=\"margin-top:32px;padding:24px;background:#0c1e3a;border-radius:12px;color:#fff;text-align:center\">\n<p style=\"font-size:1.1rem;font-weight:600;margin-bottom:8px;color:#e8c97a\">Scopri i corsi ISI-CNV<\/p>\n<p style=\"opacity:0.8;margin-bottom:16px;font-size:0.9rem\">PNL3, Coaching, Ipnosi, Mesmerismus\u00a9. Dal 1992.<\/p>\n<p><a href=\"https:\/\/marcoparet.net\/calendario-corsi\/\" target=\"_blank\" style=\"display:inline-block;padding:10px 20px;background:#c4973b;color:#0c1e3a;border-radius:8px;text-decoration:none;font-weight:600;font-size:0.9rem\">Calendario Corsi \u2192<\/a><br \/>\n&nbsp;<br \/>\n<a href=\"https:\/\/docs.google.com\/forms\/d\/e\/1FAIpQLSdxbqlcGBKI5UHJqK5_JvaUMbWSxPgBMQQW4HO3O95pulgc-Q\/viewform\" target=\"_blank\" style=\"display:inline-block;padding:10px 20px;color:#fff;border-radius:8px;text-decoration:none;font-weight:600;font-size:0.9rem\">Info \u2192<\/a>\n<\/div>\n<div style=\"margin-top:2em;padding:1.5em;background:#0c1e3a;border-radius:8px;text-align:center;\">\n<p style=\"color:#f7f3eb;font-size:1.1em;margin:0 0 1em 0;\"><strong>Vuoi saperne di pi\u00f9?<\/strong><\/p>\n<p style=\"margin:0;\">\n<a href=\"https:\/\/www.neurolinguistic.com\/pnl\/it-indexdx.htm\" style=\"display:inline-block;padding:0.7em 1.5em;background:#c4973b;color:#fff;text-decoration:none;border-radius:5px;font-weight:bold;margin:0.3em;\">Calendario Corsi<\/a><br \/>\n<a href=\"https:\/\/www.neurolinguistic.com\/pnl\/articles\/italy-04.htm\" style=\"display:inline-block;padding:0.7em 1.5em;background:#c4973b;color:#fff;text-decoration:none;border-radius:5px;font-weight:bold;margin:0.3em;\">Richiedi Informazioni<\/a>\n<\/p>\n<\/div>\n<p><!-- MAILWIZZ-ARCHIVIO --><\/p>\n","protected":false},"excerpt":{"rendered":"<p>\ud83d\udcec Dal nostro archivio \u2014 Questa newsletter \u00e8 tratta dal nostro archivio di contenuti formativi. Newsletter del \u2014 Dr. Marco Paret, ISI-CNV Un nostro Mental Coach alla Dakar? &#8211; Storie di Successo Ciao, ! \ud83d\udc4b Oggi voglio condividere con te una Storia di successo. Si tratta di Luca Delfanti , un allievo uscito dalla , [&hellip;]<\/p>\n","protected":false},"author":1,"featured_media":0,"comment_status":"open","ping_status":"closed","sticky":false,"template":"","format":"standard","meta":{"footnotes":""},"categories":[57,16,231],"tags":[],"class_list":["post-4298","post","type-post","status-publish","format-standard","hentry","category-coaching","category-mesmerismus","category-newsletter-archivio"],"yoast_head":"<!-- This site is optimized with the Yoast SEO plugin v27.2 - https:\/\/yoast.com\/product\/yoast-seo-wordpress\/ -->\n<title>Un nostro Mental Coach alla Dakar? - Storie di Successo #1 &#8211; Universit\u00e9 Europ\u00e9enne - ISI-CNV<\/title>\n<meta name=\"robots\" content=\"index, follow, max-snippet:-1, max-image-preview:large, max-video-preview:-1\" \/>\n<link rel=\"canonical\" href=\"https:\/\/www.neurolinguistic.com\/blog\/un-nostro-mental-coach-alla-dakar-storie-di-successo-1\/\" \/>\n<meta property=\"og:locale\" content=\"it_IT\" \/>\n<meta property=\"og:type\" content=\"article\" \/>\n<meta property=\"og:title\" content=\"Un nostro Mental Coach alla Dakar? - Storie di Successo #1 &#8211; Universit\u00e9 Europ\u00e9enne - ISI-CNV\" \/>\n<meta property=\"og:description\" content=\"\ud83d\udcec Dal nostro archivio \u2014 Questa newsletter \u00e8 tratta dal nostro archivio di contenuti formativi. Newsletter del \u2014 Dr. Marco Paret, ISI-CNV Un nostro Mental Coach alla Dakar? &#8211; Storie di Successo Ciao, ! \ud83d\udc4b Oggi voglio condividere con te una Storia di successo. Si tratta di Luca Delfanti , un allievo uscito dalla , [&hellip;]\" \/>\n<meta property=\"og:url\" content=\"https:\/\/www.neurolinguistic.com\/blog\/un-nostro-mental-coach-alla-dakar-storie-di-successo-1\/\" \/>\n<meta property=\"og:site_name\" content=\"Universit\u00e9 Europ\u00e9enne - ISI-CNV\" \/>\n<meta property=\"article:publisher\" content=\"https:\/\/www.facebook.com\/ipnositecniche\" \/>\n<meta property=\"article:published_time\" content=\"2026-09-05T11:00:00+00:00\" \/>\n<meta name=\"author\" content=\"marius\" \/>\n<meta name=\"twitter:card\" content=\"summary_large_image\" \/>\n<meta name=\"twitter:label1\" content=\"Scritto da\" \/>\n\t<meta name=\"twitter:data1\" content=\"marius\" \/>\n\t<meta name=\"twitter:label2\" content=\"Tempo di lettura stimato\" \/>\n\t<meta name=\"twitter:data2\" content=\"3 minuti\" \/>\n<script type=\"application\/ld+json\" class=\"yoast-schema-graph\">{\"@context\":\"https:\/\/schema.org\",\"@graph\":[{\"@type\":\"Article\",\"@id\":\"https:\/\/www.neurolinguistic.com\/blog\/un-nostro-mental-coach-alla-dakar-storie-di-successo-1\/#article\",\"isPartOf\":{\"@id\":\"https:\/\/www.neurolinguistic.com\/blog\/un-nostro-mental-coach-alla-dakar-storie-di-successo-1\/\"},\"author\":{\"name\":\"marius\",\"@id\":\"https:\/\/www.neurolinguistic.com\/blog\/#\/schema\/person\/09dfaadfe1b4add829493b3da603c973\"},\"headline\":\"Un nostro Mental Coach alla Dakar? &#8211; Storie di Successo #1\",\"datePublished\":\"2026-09-05T11:00:00+00:00\",\"mainEntityOfPage\":{\"@id\":\"https:\/\/www.neurolinguistic.com\/blog\/un-nostro-mental-coach-alla-dakar-storie-di-successo-1\/\"},\"wordCount\":548,\"commentCount\":0,\"articleSection\":[\"coaching\",\"Mesmerismus\u00a9\",\"Newsletter Archivio\"],\"inLanguage\":\"it-IT\",\"potentialAction\":[{\"@type\":\"CommentAction\",\"name\":\"Comment\",\"target\":[\"https:\/\/www.neurolinguistic.com\/blog\/un-nostro-mental-coach-alla-dakar-storie-di-successo-1\/#respond\"]}]},{\"@type\":\"WebPage\",\"@id\":\"https:\/\/www.neurolinguistic.com\/blog\/un-nostro-mental-coach-alla-dakar-storie-di-successo-1\/\",\"url\":\"https:\/\/www.neurolinguistic.com\/blog\/un-nostro-mental-coach-alla-dakar-storie-di-successo-1\/\",\"name\":\"Un nostro Mental Coach alla Dakar? - Storie di Successo #1 &#8211; Universit\u00e9 Europ\u00e9enne - ISI-CNV\",\"isPartOf\":{\"@id\":\"https:\/\/www.neurolinguistic.com\/blog\/#website\"},\"datePublished\":\"2026-09-05T11:00:00+00:00\",\"author\":{\"@id\":\"https:\/\/www.neurolinguistic.com\/blog\/#\/schema\/person\/09dfaadfe1b4add829493b3da603c973\"},\"breadcrumb\":{\"@id\":\"https:\/\/www.neurolinguistic.com\/blog\/un-nostro-mental-coach-alla-dakar-storie-di-successo-1\/#breadcrumb\"},\"inLanguage\":\"it-IT\",\"potentialAction\":[{\"@type\":\"ReadAction\",\"target\":[\"https:\/\/www.neurolinguistic.com\/blog\/un-nostro-mental-coach-alla-dakar-storie-di-successo-1\/\"]}]},{\"@type\":\"BreadcrumbList\",\"@id\":\"https:\/\/www.neurolinguistic.com\/blog\/un-nostro-mental-coach-alla-dakar-storie-di-successo-1\/#breadcrumb\",\"itemListElement\":[{\"@type\":\"ListItem\",\"position\":1,\"name\":\"Home\",\"item\":\"https:\/\/www.neurolinguistic.com\/blog\/\"},{\"@type\":\"ListItem\",\"position\":2,\"name\":\"Un nostro Mental Coach alla Dakar? &#8211; Storie di Successo #1\"}]},{\"@type\":\"WebSite\",\"@id\":\"https:\/\/www.neurolinguistic.com\/blog\/#website\",\"url\":\"https:\/\/www.neurolinguistic.com\/blog\/\",\"name\":\"Universit\u00e9 Europ\u00e9enne - ISI-CNV\",\"description\":\"Articoli, Lezioni Online, Omaggi, Video e molto altro\",\"potentialAction\":[{\"@type\":\"SearchAction\",\"target\":{\"@type\":\"EntryPoint\",\"urlTemplate\":\"https:\/\/www.neurolinguistic.com\/blog\/?s={search_term_string}\"},\"query-input\":{\"@type\":\"PropertyValueSpecification\",\"valueRequired\":true,\"valueName\":\"search_term_string\"}}],\"inLanguage\":\"it-IT\"},{\"@type\":\"Person\",\"@id\":\"https:\/\/www.neurolinguistic.com\/blog\/#\/schema\/person\/09dfaadfe1b4add829493b3da603c973\",\"name\":\"marius\",\"image\":{\"@type\":\"ImageObject\",\"inLanguage\":\"it-IT\",\"@id\":\"https:\/\/secure.gravatar.com\/avatar\/1d96c043f076b3b097a420b122920b7054454b51fbab2771a542d82e22de1fd4?s=96&d=mm&r=g\",\"url\":\"https:\/\/secure.gravatar.com\/avatar\/1d96c043f076b3b097a420b122920b7054454b51fbab2771a542d82e22de1fd4?s=96&d=mm&r=g\",\"contentUrl\":\"https:\/\/secure.gravatar.com\/avatar\/1d96c043f076b3b097a420b122920b7054454b51fbab2771a542d82e22de1fd4?s=96&d=mm&r=g\",\"caption\":\"marius\"},\"url\":\"https:\/\/www.neurolinguistic.com\/blog\/author\/marius\/\"}]}<\/script>\n<!-- \/ Yoast SEO plugin. -->","yoast_head_json":{"title":"Un nostro Mental Coach alla Dakar? - Storie di Successo #1 &#8211; Universit\u00e9 Europ\u00e9enne - ISI-CNV","robots":{"index":"index","follow":"follow","max-snippet":"max-snippet:-1","max-image-preview":"max-image-preview:large","max-video-preview":"max-video-preview:-1"},"canonical":"https:\/\/www.neurolinguistic.com\/blog\/un-nostro-mental-coach-alla-dakar-storie-di-successo-1\/","og_locale":"it_IT","og_type":"article","og_title":"Un nostro Mental Coach alla Dakar? - Storie di Successo #1 &#8211; Universit\u00e9 Europ\u00e9enne - ISI-CNV","og_description":"\ud83d\udcec Dal nostro archivio \u2014 Questa newsletter \u00e8 tratta dal nostro archivio di contenuti formativi. Newsletter del \u2014 Dr. Marco Paret, ISI-CNV Un nostro Mental Coach alla Dakar? &#8211; Storie di Successo Ciao, ! \ud83d\udc4b Oggi voglio condividere con te una Storia di successo. Si tratta di Luca Delfanti , un allievo uscito dalla , [&hellip;]","og_url":"https:\/\/www.neurolinguistic.com\/blog\/un-nostro-mental-coach-alla-dakar-storie-di-successo-1\/","og_site_name":"Universit\u00e9 Europ\u00e9enne - ISI-CNV","article_publisher":"https:\/\/www.facebook.com\/ipnositecniche","article_published_time":"2026-09-05T11:00:00+00:00","author":"marius","twitter_card":"summary_large_image","twitter_misc":{"Scritto da":"marius","Tempo di lettura stimato":"3 minuti"},"schema":{"@context":"https:\/\/schema.org","@graph":[{"@type":"Article","@id":"https:\/\/www.neurolinguistic.com\/blog\/un-nostro-mental-coach-alla-dakar-storie-di-successo-1\/#article","isPartOf":{"@id":"https:\/\/www.neurolinguistic.com\/blog\/un-nostro-mental-coach-alla-dakar-storie-di-successo-1\/"},"author":{"name":"marius","@id":"https:\/\/www.neurolinguistic.com\/blog\/#\/schema\/person\/09dfaadfe1b4add829493b3da603c973"},"headline":"Un nostro Mental Coach alla Dakar? &#8211; Storie di Successo #1","datePublished":"2026-09-05T11:00:00+00:00","mainEntityOfPage":{"@id":"https:\/\/www.neurolinguistic.com\/blog\/un-nostro-mental-coach-alla-dakar-storie-di-successo-1\/"},"wordCount":548,"commentCount":0,"articleSection":["coaching","Mesmerismus\u00a9","Newsletter Archivio"],"inLanguage":"it-IT","potentialAction":[{"@type":"CommentAction","name":"Comment","target":["https:\/\/www.neurolinguistic.com\/blog\/un-nostro-mental-coach-alla-dakar-storie-di-successo-1\/#respond"]}]},{"@type":"WebPage","@id":"https:\/\/www.neurolinguistic.com\/blog\/un-nostro-mental-coach-alla-dakar-storie-di-successo-1\/","url":"https:\/\/www.neurolinguistic.com\/blog\/un-nostro-mental-coach-alla-dakar-storie-di-successo-1\/","name":"Un nostro Mental Coach alla Dakar? - Storie di Successo #1 &#8211; Universit\u00e9 Europ\u00e9enne - ISI-CNV","isPartOf":{"@id":"https:\/\/www.neurolinguistic.com\/blog\/#website"},"datePublished":"2026-09-05T11:00:00+00:00","author":{"@id":"https:\/\/www.neurolinguistic.com\/blog\/#\/schema\/person\/09dfaadfe1b4add829493b3da603c973"},"breadcrumb":{"@id":"https:\/\/www.neurolinguistic.com\/blog\/un-nostro-mental-coach-alla-dakar-storie-di-successo-1\/#breadcrumb"},"inLanguage":"it-IT","potentialAction":[{"@type":"ReadAction","target":["https:\/\/www.neurolinguistic.com\/blog\/un-nostro-mental-coach-alla-dakar-storie-di-successo-1\/"]}]},{"@type":"BreadcrumbList","@id":"https:\/\/www.neurolinguistic.com\/blog\/un-nostro-mental-coach-alla-dakar-storie-di-successo-1\/#breadcrumb","itemListElement":[{"@type":"ListItem","position":1,"name":"Home","item":"https:\/\/www.neurolinguistic.com\/blog\/"},{"@type":"ListItem","position":2,"name":"Un nostro Mental Coach alla Dakar? &#8211; Storie di Successo #1"}]},{"@type":"WebSite","@id":"https:\/\/www.neurolinguistic.com\/blog\/#website","url":"https:\/\/www.neurolinguistic.com\/blog\/","name":"Universit\u00e9 Europ\u00e9enne - ISI-CNV","description":"Articoli, Lezioni Online, Omaggi, Video e molto altro","potentialAction":[{"@type":"SearchAction","target":{"@type":"EntryPoint","urlTemplate":"https:\/\/www.neurolinguistic.com\/blog\/?s={search_term_string}"},"query-input":{"@type":"PropertyValueSpecification","valueRequired":true,"valueName":"search_term_string"}}],"inLanguage":"it-IT"},{"@type":"Person","@id":"https:\/\/www.neurolinguistic.com\/blog\/#\/schema\/person\/09dfaadfe1b4add829493b3da603c973","name":"marius","image":{"@type":"ImageObject","inLanguage":"it-IT","@id":"https:\/\/secure.gravatar.com\/avatar\/1d96c043f076b3b097a420b122920b7054454b51fbab2771a542d82e22de1fd4?s=96&d=mm&r=g","url":"https:\/\/secure.gravatar.com\/avatar\/1d96c043f076b3b097a420b122920b7054454b51fbab2771a542d82e22de1fd4?s=96&d=mm&r=g","contentUrl":"https:\/\/secure.gravatar.com\/avatar\/1d96c043f076b3b097a420b122920b7054454b51fbab2771a542d82e22de1fd4?s=96&d=mm&r=g","caption":"marius"},"url":"https:\/\/www.neurolinguistic.com\/blog\/author\/marius\/"}]}},"_links":{"self":[{"href":"https:\/\/www.neurolinguistic.com\/blog\/wp-json\/wp\/v2\/posts\/4298","targetHints":{"allow":["GET"]}}],"collection":[{"href":"https:\/\/www.neurolinguistic.com\/blog\/wp-json\/wp\/v2\/posts"}],"about":[{"href":"https:\/\/www.neurolinguistic.com\/blog\/wp-json\/wp\/v2\/types\/post"}],"author":[{"embeddable":true,"href":"https:\/\/www.neurolinguistic.com\/blog\/wp-json\/wp\/v2\/users\/1"}],"replies":[{"embeddable":true,"href":"https:\/\/www.neurolinguistic.com\/blog\/wp-json\/wp\/v2\/comments?post=4298"}],"version-history":[{"count":2,"href":"https:\/\/www.neurolinguistic.com\/blog\/wp-json\/wp\/v2\/posts\/4298\/revisions"}],"predecessor-version":[{"id":11798,"href":"https:\/\/www.neurolinguistic.com\/blog\/wp-json\/wp\/v2\/posts\/4298\/revisions\/11798"}],"wp:attachment":[{"href":"https:\/\/www.neurolinguistic.com\/blog\/wp-json\/wp\/v2\/media?parent=4298"}],"wp:term":[{"taxonomy":"category","embeddable":true,"href":"https:\/\/www.neurolinguistic.com\/blog\/wp-json\/wp\/v2\/categories?post=4298"},{"taxonomy":"post_tag","embeddable":true,"href":"https:\/\/www.neurolinguistic.com\/blog\/wp-json\/wp\/v2\/tags?post=4298"}],"curies":[{"name":"wp","href":"https:\/\/api.w.org\/{rel}","templated":true}]}}