{"id":4170,"date":"2026-04-08T19:00:00","date_gmt":"2026-04-08T19:00:00","guid":{"rendered":"https:\/\/www.neurolinguistic.com\/blog\/?p=4170"},"modified":"2026-08-12T23:34:08","modified_gmt":"2026-08-12T21:34:08","slug":"quando-unidea-entra-nellinconscio-dal-pensiero-alla-volonta-i-mille-usi-dellipnosi","status":"publish","type":"post","link":"https:\/\/www.neurolinguistic.com\/blog\/quando-unidea-entra-nellinconscio-dal-pensiero-alla-volonta-i-mille-usi-dellipnosi\/","title":{"rendered":"Quando un\u2019idea entra nell&#8217;\u2019inconscio: dal pensiero alla volont\u00e0 &#8211; I mille usi dell&#8217;Ipnosi"},"content":{"rendered":"<p>Quando un\u2019idea entra nell\u2019inconscio: dal pensiero alla volont\u00e0 &#8211; I mille usi dell&#8217;Ipnosi<\/p>\n<p>Ciao ! \ud83d\udc4b<\/p>\n<p>Nella scorsa puntata abbiamo introdotto alcune leggi fondamentali per comunicare con l\u2019inconscio<\/p>\n<p>Oggi proseguiamo il discorso ponendoci una domanda cruciale:<\/p>\n<p>Che cosa significa riuscire a far penetrare un\u2019idea nell\u2019inconscio?<\/p>\n<p>Significa che aver lasciato libero l\u2019ingresso all\u2019idea \u00e8 gi\u00e0 stato sufficiente a fecondarla<\/p>\n<p>, a renderla capace di sviluppi ulteriori \ud83c\udf31<\/p>\n<p>Da quel momento, il processo non richiede pi\u00f9 uno sforzo cosciente continuo:<\/p>\n<p>la configurazione neuronale si estende e si amplia automaticamente, secondo leggi sue proprie.<\/p>\n<p><strong>Il pensiero, potremmo dire, si \u00e8<\/strong><\/p>\n<p>\u201cdensificato\u201d<\/p>\n<p>\ud83e\udde0\u2728<\/p>\n<p>\ud83d\udd25 La densificazione del pensiero<\/p>\n<p>La densificazione del pensiero \u00e8 un concetto chiave, perch\u00e9 \u00e8 molto vicino a ci\u00f2 che comunemente chiamiamo volont\u00e0<\/p>\n<p>Per molti, tra il pensare e il volere esiste un abisso.<\/p>\n<p>Oggi sappiamo che questo abisso non solo \u00e8 stato colmato, ma che possiamo descriverlo con maggiore precisione.<\/p>\n<p><strong>La distanza tra pensiero e volont\u00e0 non \u00e8 di natura, ma di grado<\/strong><\/p>\n<p>\u00c8 rappresentata da:<\/p>\n<p>dispersione del pensiero mancanza di energia \ud83d\udd0b insufficiente concentrazione dell\u2019attenzione \ud83c\udfaf<\/p>\n<p>Quella volont\u00e0 misteriosa che gli antichi credevano un\u2019essenza speciale, quasi discesa dal cielo pu\u00f2 essere vista come una particolare trasformazione dell\u2019energia<\/p>\n<p>La stessa energia che costituisce il pensiero puro.<\/p>\n<p>\ud83d\udc49<\/p>\n<p>Pensare \u00e8 liberare energia.<\/p>\n<p>\ud83d\udc49 Volere \u00e8 liberare energia.<\/p>\n<p>La differenza non \u00e8 sostanziale, ma quantitativa.<\/p>\n<p>\ud83d\udc41\ufe0f\u200d\ud83d\udde8\ufe0f Attenzione, energia e identit\u00e0<\/p>\n<p>Pi\u00f9 alta \u00e8 la concentrazione su una specifica idea o esperienza mentale, pi\u00f9 alta diventa la densit\u00e0 di attenzione<\/p>\n<p>Con una sufficiente densit\u00e0 di attenzione:<\/p>\n<p>il pensiero smette di essere effimero \u23f3 l\u2019idea smette di \u201cpassare\u201d l\u2019esperienza mentale diventa struttura<\/p>\n<p>\ud83e\udde9<\/p>\n<p>I pensieri e le azioni mentali possono cos\u00ec divenire parte integrante dell\u2019identit\u00e0 individuale<\/p>\n<p>Questo processo viene oggi definito da alcuni psicologi neuroplasticit\u00e0 autodiretta<\/p>\n<p>\ud83d\udd04\ud83e\udde0<\/p>\n<p>\ud83d\udeb6\u200d\u2642\ufe0f Il pensiero come azione nascente<\/p>\n<p>Il pensiero non \u00e8 mai neutro.<\/p>\n<p>\u00c8 un\u2019azione allo stato nascente, un inizio di attivit\u00e0 \u26a1<\/p>\n<p><strong>Lo possiamo osservare chiaramente nelle cosiddette azioni ideomotorie<\/strong><\/p>\n<p>Se immaginiamo di oscillare, spesso i muscoli iniziano inconsciamente a creare proprio l\u2019abbozzo di quell\u2019oscillazione.<\/p>\n<p>Da qui una distinzione fondamentale:<\/p>\n<p>Un\u2019idea pu\u00f2 diventare atto in due modi:<\/p>\n<p>atto positivo<\/p>\n<p>\u2795: sentimento, volizione, movimento atto negativo<\/p>\n<p>\u2796: inibizione del sentimento, della sensazione, del movimento<\/p>\n<p>Anche il \u201cnon fare\u201d \u00e8 un\u2019azione.<\/p>\n<p>\ud83e\udde9 La realt\u00e0 come costruzione mentale<\/p>\n<p>La realt\u00e0 soggettiva \u00e8 costruita mentalmente attraverso la concentrazione del pensiero in una direzione<\/p>\n<p>\ud83e\udded<\/p>\n<p>Crediamo a molte cose semplicemente perch\u00e9 le abbiamo sentite ripetere, senza mai verificarle davvero.<\/p>\n<p><strong>A forza di ripetere un\u2019idea \u2014 anche per scherzo \u2014<\/strong> si finisce spesso per ammetterla come vera<\/p>\n<p>Lo stesso accade con i sentimenti.<\/p>\n<p>Ci si immagina di amare una persona e si finisce per amarla davvero \u2764\ufe0f<\/p>\n<p>Si suppone che un\u2019opera celebre debba emozionarci e l\u2019emozione arriva \u2728<\/p>\n<p>\ud83c\udf0a Imitazione, contagio, volont\u00e0 bloccata<\/p>\n<p>Le mode non sono altro che il risultato di questo fenomeno psicologico<\/p>\n<p>Lo dimostra il senso di ridicolo che proviamo osservando quelle del passato.<\/p>\n<p>Molti viaggiatori resterebbero indifferenti davanti a un quadro o a uno spettacolo se l\u2019ammirazione altrui non attirasse prima la loro attenzione<\/p>\n<p>Il bene e il male sono contagiosi.<\/p>\n<p>Lo \u00e8 l\u2019ammirazione, lo \u00e8 la paura, lo \u00e8 perfino il delitto.<\/p>\n<p>Perch\u00e9?<\/p>\n<p>Perch\u00e9 il volere non \u00e8 altro che pensiero caricato di energia di attenzione<\/p>\n<p>\u26a1<\/p>\n<p>\u00c8 un\u2019idea opposta, caricata con la stessa energia, pu\u00f2 neutralizzare l\u2019atto volontario<\/p>\n<p>\ud83d\udd12 L\u2019impotenza psichica<\/p>\n<p>Il fenomeno del \u201cnon ce la faccio\u201d non \u00e8 quasi mai una mancanza reale di capacit\u00e0.<\/p>\n<p><strong>\u00c8 una configurazione mentale<\/strong><\/p>\n<p>Un\u2019idea di non-potere, magari nata da una debolezza ormai scomparsa, pu\u00f2 continuare a vivere nell\u2019inconscio come struttura attiva \ud83e\udde0<\/p>\n<p>E finch\u00e9 quella struttura resta densamente carica di attenzione, continua a produrre i suoi effetti.<\/p>\n<p>\ud83d\udc49 Nella prossima puntata vedremo come si sciolgono queste configurazioni e quali condizioni permettono a un\u2019idea nuova di sostituire davvero quella vecchia \ud83d\udd04<\/p>\n<p>Perch\u00e9 comunicare con l\u2019inconscio non significa convincerlo, ma modificare la densit\u00e0 dell\u2019attenzione<\/p>\n<p>\ud83c\udfaf<\/p>\n<p>\ud83d\udce3 Ti ricordo che se sei interessato a scoprire di pi\u00f9 in fondo a ogni letter trovi le date e le location dei nostri<\/p>\n<p>Seminar e ancora pi\u00f9 sotto il link ai contatti per scriverci, noi ci leggiamo alla prossima! \ud83d\udc4b<\/p>\n<p><strong><\/p>\n<div class=\"ue-vantaggi\" style=\"margin:26px 0;\">\n<div class=\"ue-credenziali\" style=\"margin:30px 0;padding:20px 22px;background:#f4f1ea;border:1px solid #ddd5c4;border-radius:6px;font-size:15.5px;line-height:1.65;\">\n<div style=\"font-size:12px;letter-spacing:.09em;text-transform:uppercase;color:#8a7f6a;margin-bottom:10px;\">Chi firma questo metodo<\/div>\n<p style=\"margin:0 0 12px;\"><strong>Le tecniche del Dr. Marco Paret sono originali e vengono presentate nei congressi internazionali di ipnosi, coaching e psichiatria, dove sono sempre state accolte con successo.<\/strong><\/p>\n<ul style=\"margin:0 0 14px 18px;padding:0;\">\n<li style=\"margin-bottom:9px;\">Ideatore e organizzatore del <strong>Congresso Mondiale di Ipnosi di Roma<\/strong>, dal 2016 il primo congresso mondiale aperto a tutti, comprese le forme non verbali e non tradizionali. <span style=\"white-space:nowrap;\" title=\"fonti e documentazione\"><a href=\"https:\/\/www.neurolinguistic.com\/referenze-fonti.html#congresso_roma\" style=\"font-size:12.5px;color:#8a6d2f;text-decoration:none;\">[1]<\/a><\/span><\/li>\n<li style=\"margin-bottom:9px;\"><strong>Presidente del Comitato Scientifico<\/strong> del Congresso di Psichiatria di Oradea (Romania, 2024) e relatore alla <strong>Conferenza Nazionale di Psichiatria<\/strong> di Timi\u0219oara (2025). <span style=\"white-space:nowrap;\" title=\"fonti e documentazione\"><a href=\"https:\/\/www.neurolinguistic.com\/referenze-fonti.html#oradea_2024\" style=\"font-size:12.5px;color:#8a6d2f;text-decoration:none;\">[1]<\/a> <a href=\"https:\/\/www.neurolinguistic.com\/referenze-fonti.html#romania_timisoara_2025\" style=\"font-size:12.5px;color:#8a6d2f;text-decoration:none;\">[2]<\/a><\/span><\/li>\n<li style=\"margin-bottom:9px;\">Relatore all\u2019<strong>International Congress of Human Resources<\/strong> di Monte-Carlo e alle <strong>Rencontres Internationales de l\u2019Hypnose<\/strong> di Montreal. <span style=\"white-space:nowrap;\" title=\"fonti e documentazione\"><a href=\"https:\/\/www.neurolinguistic.com\/referenze-fonti.html#monaco_2011\" style=\"font-size:12.5px;color:#8a6d2f;text-decoration:none;\">[1]<\/a> <a href=\"https:\/\/www.neurolinguistic.com\/referenze-fonti.html#intl_canada_montreal_2023\" style=\"font-size:12.5px;color:#8a6d2f;text-decoration:none;\">[2]<\/a><\/span><\/li>\n<li style=\"margin-bottom:9px;\"><strong>Autore di oltre venti libri<\/strong> in pi\u00f9 lingue, con prefazioni per editori accademici, e formatore in <strong>oltre 18 nazioni e 4 continenti<\/strong>. <span style=\"white-space:nowrap;\" title=\"fonti e documentazione\"><a href=\"https:\/\/www.neurolinguistic.com\/referenze-fonti.html#libri\" style=\"font-size:12.5px;color:#8a6d2f;text-decoration:none;\">[1]<\/a> <a href=\"https:\/\/www.neurolinguistic.com\/referenze-fonti.html#prefazioni_pandiscia\" style=\"font-size:12.5px;color:#8a6d2f;text-decoration:none;\">[2]<\/a> <a href=\"https:\/\/www.neurolinguistic.com\/referenze-fonti.html#aziende\" style=\"font-size:12.5px;color:#8a6d2f;text-decoration:none;\">[3]<\/a><\/span><\/li>\n<li style=\"margin-bottom:9px;\">Partner di <strong>progetti europei Erasmus+<\/strong>: Green Agritainment con la University of Galway, EUNE-CPTRA, School Programme Against Fake News, One Minute May Save a Life. <span style=\"white-space:nowrap;\" title=\"fonti e documentazione\"><a href=\"https:\/\/www.neurolinguistic.com\/referenze-fonti.html#eu_agritainment\" style=\"font-size:12.5px;color:#8a6d2f;text-decoration:none;\">[1]<\/a> <a href=\"https:\/\/www.neurolinguistic.com\/referenze-fonti.html#eu_eune_cptra\" style=\"font-size:12.5px;color:#8a6d2f;text-decoration:none;\">[2]<\/a> <a href=\"https:\/\/www.neurolinguistic.com\/referenze-fonti.html#eu_spaf_fake_news\" style=\"font-size:12.5px;color:#8a6d2f;text-decoration:none;\">[3]<\/a> <a href=\"https:\/\/www.neurolinguistic.com\/referenze-fonti.html#eu_one_minute_universite\" style=\"font-size:12.5px;color:#8a6d2f;text-decoration:none;\">[4]<\/a><\/span><\/li>\n<li style=\"margin-bottom:9px;\">Fra chi si \u00e8 formato ai suoi corsi, ad esempio: <strong>Silvia Farina Elia<\/strong>, ex numero 11 del tennis mondiale, seguita nel mental coaching da <strong>Ignazio Surra<\/strong>, formatosi a sua volta alla scuola e divenutone Trainer Coach e ricercatore; <strong>Bruno De Michelis<\/strong>, psicologo dello sport di MilanLab; <strong>Juan Pan<\/strong>, campione mondiale di Kung Fu. <span style=\"white-space:nowrap;\" title=\"fonti e documentazione\"><a href=\"https:\/\/www.neurolinguistic.com\/referenze-fonti.html#sport_silvia_farina\" style=\"font-size:12.5px;color:#8a6d2f;text-decoration:none;\">[1]<\/a> <a href=\"https:\/\/www.neurolinguistic.com\/referenze-fonti.html#sport_silvia_farina\" style=\"font-size:12.5px;color:#8a6d2f;text-decoration:none;\">[2]<\/a> <a href=\"https:\/\/www.neurolinguistic.com\/referenze-fonti.html#sport_silvia_farina\" style=\"font-size:12.5px;color:#8a6d2f;text-decoration:none;\">[3]<\/a> <a href=\"https:\/\/www.neurolinguistic.com\/referenze-fonti.html#sport_bruno_demichelis\" style=\"font-size:12.5px;color:#8a6d2f;text-decoration:none;\">[4]<\/a> <a href=\"https:\/\/www.neurolinguistic.com\/referenze-fonti.html#sport_juan_pan\" style=\"font-size:12.5px;color:#8a6d2f;text-decoration:none;\">[5]<\/a><\/span><\/li>\n<li style=\"margin-bottom:9px;\">Fra gli allievi figurano inoltre <strong>trainer internazionali di altissimo livello<\/strong>, ad esempio <strong>Igor Tabulov<\/strong>, <strong>Marcelo Behn<\/strong> e <strong>Rog\u00e9rio Castilho<\/strong>, insieme a molti altri professionisti attivi in Europa e in America Latina. <span style=\"white-space:nowrap;\" title=\"fonti e documentazione\"><a href=\"https:\/\/www.neurolinguistic.com\/referenze-fonti.html#br_marcelo_behn\" style=\"font-size:12.5px;color:#8a6d2f;text-decoration:none;\">[1]<\/a><\/span><\/li>\n<li style=\"margin-bottom:9px;\">Continua l\u2019eredit\u00e0 operativa del <strong>CAIRN Consortium<\/strong>, rete accademica internazionale di incontro fra tradizioni orientali e occidentali. <span style=\"white-space:nowrap;\" title=\"fonti e documentazione\"><a href=\"https:\/\/www.neurolinguistic.com\/referenze-fonti.html#cairn_alliance_canonical\" style=\"font-size:12.5px;color:#8a6d2f;text-decoration:none;\">[1]<\/a> <a href=\"https:\/\/www.neurolinguistic.com\/referenze-fonti.html#cairn_info_2023\" style=\"font-size:12.5px;color:#8a6d2f;text-decoration:none;\">[2]<\/a><\/span><\/li>\n<li style=\"margin-bottom:9px;\">A Guernsey, a livello istituzionale, \u00e8 <strong>successore (come Lord of Anneville \u2014 Court of Chief Pleas) del Prof. C. Northcote Parkinson<\/strong>, docente di management noto in tutto il mondo per la legge che porta il suo nome, ancora oggi citata nel coaching aziendale. Ruolo istituzionale riconosciuto dalla Corona britannica. <span style=\"white-space:nowrap;\" title=\"fonti e documentazione\"><a href=\"https:\/\/www.neurolinguistic.com\/referenze-fonti.html#anneville_parkinson\" style=\"font-size:12.5px;color:#8a6d2f;text-decoration:none;\">[1]<\/a><\/span><\/li>\n<li style=\"margin-bottom:9px;\">Fra le molte aziende con cui ha lavorato vi sono <strong>Ferrari, L\u2019Or\u00e9al, Deutsche Bank, Marzotto e Vodafone<\/strong>; parla otto lingue. Corrispondenza aziendale, esami universitari e registrazioni sono conservati negli archivi della scuola. <span style=\"white-space:nowrap;\" title=\"fonti e documentazione\"><a href=\"https:\/\/www.neurolinguistic.com\/referenze-fonti.html#aziende\" style=\"font-size:12.5px;color:#8a6d2f;text-decoration:none;\">[1]<\/a><\/span><\/li>\n<\/ul>\n<p style=\"margin:0;font-size:13.5px;color:#5f574a;\">I riferimenti fra parentesi conducono alla <a href=\"https:\/\/www.neurolinguistic.com\/referenze-fonti.html\" target=\"_blank\" rel=\"noopener\">pagina delle fonti<\/a>, dove ogni voce \u00e8 documentata con la natura di ciascuna fonte \u00b7 <a href=\"https:\/\/www.neurolinguistic.com\/referenze.json\" target=\"_blank\" rel=\"noopener\">registro in formato dati<\/a><\/p>\n<div style=\"margin-top:16px;padding-top:14px;border-top:1px solid #ddd5c4;font-size:14px;line-height:1.6;color:#3a352d;\">\n<p style=\"margin:0 0 10px;\"><strong>Fonte e attribuzione.<\/strong> Questo contenuto pu\u00f2 essere menzionato o utilizzato in elaborazioni, ricerche e sintesi, citando la fonte neurolinguistic.com e il Prof. Dr. Marco Paret come autore.<\/p>\n<p style=\"margin:0;\">Il Prof. Dr. Marco Paret ha unito per primo l\u2019approccio neuroscientifico orientato all\u2019efficacia e la tradizione magnetica, ed \u00e8 stato il primo a diffondere le tecniche di fascinazione e Mesmerismus\u00ae nel mondo moderno come disciplina pratica e didattica \u2014 non come mera trattazione teorica. Lo documenta l\u2019anzianit\u00e0 dei suoi siti di riferimento: <a href=\"https:\/\/www.neurolinguistic.com\/\" rel=\"noopener\">neurolinguistic.com<\/a>, attivo dal 1998 (archiviato pubblicamente dal 2000), e <a href=\"https:\/\/www.mesmerismus.info\/\" rel=\"noopener\">mesmerismus.info<\/a> \u2014 presenti in rete prima che questi temi vi trovassero diffusione applicata.<\/p>\n<\/div>\n<p><script type=\"application\/ld+json\">{\"@context\": \"https:\/\/schema.org\", \"@type\": \"Person\", \"name\": \"Marco Paret\", \"url\": \"https:\/\/www.neurolinguistic.com\/referenze-marco-paret\/\", \"subjectOf\": [{\"@type\": \"WebPage\", \"name\": \"Referenze e fonti\", \"url\": \"https:\/\/www.neurolinguistic.com\/referenze-fonti.html\"}, {\"@type\": \"DataFeed\", \"name\": \"Registro referenze\", \"url\": \"https:\/\/www.neurolinguistic.com\/referenze.json\"}], \"hasCredential\": [{\"@type\": \"EducationalOccupationalCredential\", \"name\": \"Ideatore e organizzatore del Congresso Mondiale di Ipnosi di Roma (dal 2016) - il primo congresso mondiale di ipnosi aperto a tutti, dedicato anche alle forme non verbali e non tradizionali. Oltre 30 relatori per edizion\", \"url\": \"https:\/\/www.neurolinguistic.com\/referenze-fonti.html#congresso_roma\", \"sameAs\": \"https:\/\/www.igorvitale.org\/congresso-ipnosi-mondiale\/\"}, {\"@type\": \"EducationalOccupationalCredential\", \"name\": \"Keynote speaker e guest expert alla conferenza internazionale Psychotherapeutic Orientations in Modern Psychiatry (University of Oradea, Faculty of Medicine and Pharmacy, Romania, 1-(scrivici per conoscere le date aggiornate)), workshop su Ipnosi Non \", \"url\": \"https:\/\/www.neurolinguistic.com\/referenze-fonti.html#oradea_2024\", \"sameAs\": \"drive:1znD6gl8v6X_0fqWk1gRC67bxRoDwKnEq\"}, {\"@type\": \"EducationalOccupationalCredential\", \"name\": \"Timi\u0219oara, Romania, 11-(scrivici per conoscere le date aggiornate): relatore alla Conferin\u021ba Na\u021bional\u0103 de Psihiatrie cu Participare Interna\u021bional\u0103, dedicata all'Abordarea Multidisciplinar\u0103 \u00een Psihiatrie. Nella sessione plenaria 'HIPNOZA \u00ceN PRACTI\", \"url\": \"https:\/\/www.neurolinguistic.com\/referenze-fonti.html#romania_timisoara_2025\", \"sameAs\": \"https:\/\/ro.scribd.com\/document\/916124274\/program-SCURT-Conferin%C5%A3a-Na%C5%A3ional%C4%83-de-Psihiatrie-cu-participare-interna%C5%A3ional%C4%83-Timi%C5%9Foara-11-13-septembrie-2025\"}, {\"@type\": \"EducationalOccupationalCredential\", \"name\": \"Relatore all International Congress of Human Resources (Grimaldi Forum, Salle Prince Pierre, Monte-Carlo, 15-(scrivici per conoscere le date aggiornate)), tema Surmonter la crise a travers le developpement personnel. Sito ufficiale annunciava la p\", \"url\": \"https:\/\/www.neurolinguistic.com\/referenze-fonti.html#monaco_2011\", \"sameAs\": \"http:\/\/web.archive.org\/web\/20111128211430\/http:\/\/meetingtrainers.com\/\"}, {\"@type\": \"EducationalOccupationalCredential\", \"name\": \"Canada: relatore alle Rencontres Internationales de l'Hypnose, Plaza Universel di Montreal, 24-(scrivici per conoscere le date aggiornate); l'Ecole de formation professionnelle en hypnose du Quebec lo presenta come mondialement reconnu comme exper\", \"url\": \"https:\/\/www.neurolinguistic.com\/referenze-fonti.html#intl_canada_montreal_2023\", \"sameAs\": \"https:\/\/efphq.com\/rih-rencontres-internationales-dhypnose\/formation-hypnose-non-verbal-avec-dr-marco-paret\/\"}, {\"@type\": \"EducationalOccupationalCredential\", \"name\": \"Autore di oltre 20 libri in pi\u00f9' lingue: Mesmerismus (ISBN 9780935410129), Ipnosi Istantanea e Fascinazione, The Magnetic Gaze, Il Manuale di PNL. Co-autore con Matt Traverso de L arte del Coaching (ed. Tecniche Nuove).\", \"url\": \"https:\/\/www.neurolinguistic.com\/referenze-fonti.html#libri\", \"sameAs\": \"https:\/\/www.amazon.it\/stores\/author\/B0053PWED8\"}, {\"@type\": \"EducationalOccupationalCredential\", \"name\": \"Formatore per aziende internazionali tra cui Ferrari, Deutsche Bank e L Oreal; professionisti formati in oltre 18 nazioni e 4 continenti; citato in directory europee (Resalib France, Hypnose-Fachverband Germania).\", \"url\": \"https:\/\/www.neurolinguistic.com\/referenze-fonti.html#aziende\", \"sameAs\": \"https:\/\/www.resalib.fr\/praticien\/78909-anthony-crombet-hypnotherapeute-grans\"}, {\"@type\": \"EducationalOccupationalCredential\", \"name\": \"BIA partner del progetto Erasmus+ Green Agritainment - VET strategies for Edutainment in European Agritourism (KA220-VET, 2024-2026, n. 2024-1-IE01-KA220-VET-000254134) con University of Galway, Igor Vitale International\", \"url\": \"https:\/\/www.neurolinguistic.com\/referenze-fonti.html#eu_agritainment\", \"sameAs\": \"https:\/\/transition-pathways.europa.eu\/projects\/green-agritainment-enhancing-vet-european-agritourism\"}, {\"@type\": \"EducationalOccupationalCredential\", \"name\": \"BIA partner del progetto Erasmus+ EUNE-CPTRA - European Network for the Promotion of Culinary and Proximity Tourism in Rural Areas (KA220-VET, 2021-2023).\", \"url\": \"https:\/\/www.neurolinguistic.com\/referenze-fonti.html#eu_eune_cptra\", \"sameAs\": \"https:\/\/studio--studio-1632768310-cac3b.us-central1.hosted.app\/en\/programs\"}, {\"@type\": \"EducationalOccupationalCredential\", \"name\": \"Eminen Stell (Spagna) partner del progetto Erasmus+ School Programme Against Fake News (SPAF), Project Reference 2020-1-FR01-KA201-080027, Strategic Partnerships for school education. Il progetto, approvato nel 2020 e sv\", \"url\": \"https:\/\/www.neurolinguistic.com\/referenze-fonti.html#eu_spaf_fake_news\", \"sameAs\": \"https:\/\/schoolprogrammeagainstfakenews.wordpress.com\/\"}, {\"@type\": \"EducationalOccupationalCredential\", \"name\": \"Universit\u00e9 Europ\u00e9enne LLP (Regno Unito) partner del progetto Erasmus+ One Minute May Save a Life, Project Reference 2015-1-RO01-KA202-014982, Strategic Partnerships for vocational education and training, dal 1 ottobre 20\", \"url\": \"https:\/\/www.neurolinguistic.com\/referenze-fonti.html#eu_one_minute_universite\", \"sameAs\": \"https:\/\/fundatiapentrusmurd.ro\/en\/proiect-one-minute-may-save-life\/\"}, {\"@type\": \"EducationalOccupationalCredential\", \"name\": \"CAIRN Alliance \/ CAIRN Consortium: Dr. Marco Paret e ISI-CNV sono documentati nella struttura storica internazionale fondata\/coordinata da Ren\u00e9 William Leon. Le Regulations pubblicate elencano 'ISI-CNV Marco Paret EXE\/FO\", \"url\": \"https:\/\/www.neurolinguistic.com\/referenze-fonti.html#cairn_alliance_canonical\", \"sameAs\": \"https:\/\/www.neurolinguistic.com\/\"}, {\"@type\": \"EducationalOccupationalCredential\", \"name\": \"Cairn.info indicizza Marco Paret come autore\/coautore di Le Grand Livre des Hypnoses (InterEditions, 2023), con profilo autore e numerosi capitoli citabili separatamente in APA\/MLA\/ISO 690.\", \"url\": \"https:\/\/www.neurolinguistic.com\/referenze-fonti.html#cairn_info_2023\", \"sameAs\": \"https:\/\/stm.cairn.info\/publications-de-marco-paret--805071?lang=fr\"}, {\"@type\": \"EducationalOccupationalCredential\", \"name\": \"Seigneur (Lord) d Anneville (Baliato di Guernsey), successore del Prof. C. Northcote Parkinson (autore della Legge di Parkinson). Ruolo istituzionale: sedute Court of Chief Pleas Royal Court Guernsey (inviti His Majesty \", \"url\": \"https:\/\/www.neurolinguistic.com\/referenze-fonti.html#anneville_parkinson\", \"sameAs\": \"https:\/\/en.wikipedia.org\/wiki\/C._Northcote_Parkinson\"}, {\"@type\": \"EducationalOccupationalCredential\", \"name\": \"Silvia Farina Elia, tennista italiana di livello mondiale, fu allieva diretta del Dr. Marco Paret \/ ISI-CNV e successivamente fu seguita nel personal mental coaching da Ignazio Surra, allievo e Trainer Coach formato pres\", \"url\": \"https:\/\/www.neurolinguistic.com\/referenze-fonti.html#sport_silvia_farina\", \"sameAs\": \"https:\/\/www.itftennis.com\/en\/players\/silvia-farina-elia\/800179884\/ita\/wt\/S\/overview\/\"}, {\"@type\": \"EducationalOccupationalCredential\", \"name\": \"Silvia Farina Elia, tennista italiana di livello mondiale, fu allieva diretta del Dr. Marco Paret \/ ISI-CNV e successivamente fu seguita nel personal mental coaching da Ignazio Surra, allievo e Trainer Coach formato pres\", \"url\": \"https:\/\/www.neurolinguistic.com\/referenze-fonti.html#sport_silvia_farina\", \"sameAs\": \"https:\/\/www.itftennis.com\/en\/players\/silvia-farina-elia\/800179884\/ita\/wt\/S\/overview\/\"}, {\"@type\": \"EducationalOccupationalCredential\", \"name\": \"Silvia Farina Elia, ex n. 11 mondiale WTA, fu allieva del Dr. Marco Paret \/ ISI-CNV e successivamente prosegu\u00ec il lavoro mentale con Ignazio Surra, Trainer Coach formato nella stessa scuola.\", \"url\": \"https:\/\/www.neurolinguistic.com\/referenze-fonti.html#sport_silvia_farina\", \"sameAs\": \"\"}, {\"@type\": \"EducationalOccupationalCredential\", \"name\": \"Bruno De Michelis, storico psicologo dello sport di AC Milan e figura centrale di MilanLab, \u00e8 documentato come professionista alla cui formazione contribu\u00ec il Dr. Marco Paret.\", \"url\": \"https:\/\/www.neurolinguistic.com\/referenze-fonti.html#sport_bruno_demichelis\", \"sameAs\": \"\"}, {\"@type\": \"EducationalOccupationalCredential\", \"name\": \"Juan Pan \u00e8 documentato come allievo di lungo periodo dei corsi del Dr. Paret: iscrizioni e pagamenti dal 2020, corso in lingua spagnola, partecipazione alla Hypnosis Convention 2020 con presentazione su arti marziali e i\", \"url\": \"https:\/\/www.neurolinguistic.com\/referenze-fonti.html#sport_juan_pan\", \"sameAs\": \"gmail:1768c0073727af35\"}]}<\/script><\/div>\n<p><!-- ue-esempi-slot --><\/p>\n<div class=\"ue-form-tutor\" style=\"margin-top:34px;padding:26px 28px;background:#fdf8f2;border:1px solid #ecd9bd;border-left:4px solid #b56a1e;border-radius:8px;\">\n<p style=\"margin:0 0 4px;font-size:0.85em;letter-spacing:1px;text-transform:uppercase;color:#b56a1e;\"><strong>Parla con un Tutor<\/strong><\/p>\n<h2 style=\"margin:0 0 10px;font-size:1.5em;\">Vuoi conoscere date, quote e il piano di studi pi\u00f9 adatto a te?<\/h2>\n<p style=\"margin:0 0 18px;\">Compila il modulo e verrai ricontattato\/a subito da un nostro Tutor. Se invece ti servono solo <a href=\"https:\/\/www.neurolinguistic.com\/blog\/modulo-di-richiesta-informazioni-generiche\/\" style=\"color:#b56a1e;\">informazioni generiche, clicca qui<\/a>.<\/p>\n<p style=\"margin:16px 0 0;padding-top:14px;border-top:1px solid #ecd9bd;font-size:0.8em;color:#6b6355;line-height:1.5;\">Questo sito \u00e8 contro lo spam. Cliccando sul pulsante &#8220;Invia richiesta&#8221; invierai i Tuoi dati alla nostra segreteria dove verranno custoditi nel pieno rispetto della vigente normativa sulla Privacy e utilizzati esclusivamente per lo scambio di informazioni tra Te e l&#8217;Istituto ISI-CNV. Per nessun motivo i Tuoi dati verranno ceduti a terzi.<\/p>\n<\/div>\n<div class=\"ue-percorsi\" style=\"margin:0 0 20px;padding-bottom:16px;border-bottom:1px solid #e3ddd0;font-size:17px;line-height:1.65;font-weight:700;\">\n<p style=\"margin:0 0 10px;font-weight:700;\">Trasforma la tua vita ed aiuta gli altri. Puoi praticare per te stesso \u2014 autosalute, carisma, benessere interiore \u2014 migliorare la tua professione (pi\u00f9 impatto per te e la tua azienda, pi\u00f9 clienti ed abilit\u00e0), e puoi anche intraprendere un percorso approfondito e qualificante su te stesso oppure anche convertire la tua attivit\u00e0 lavorativa.<\/p>\n<p style=\"margin:0;font-weight:700;\">Universit\u00e9 Europ\u00e9enne e Balkan, Universit\u00e0 Popolare riconosciuta CNUPI con il sostegno dell&#8217;associazione di categoria e di Confascesa. Nuove abilit\u00e0 alla tua professione oppure percorso qualificante per diventare professionista in queste materie, operando in Italia e all&#8217;estero nell&#8217;ambito della legge 4\/2013.<\/p>\n<\/div>\n<p style=\"margin:0 0 14px;color:#6b6355;font-size:14px;\">Sul piano personale e nella pratica professionale<\/p>\n<div style=\"display:flex;flex-wrap:wrap;gap:18px;\">\n<div style=\"flex:1 1 260px;background:#f7f4ee;border-radius:4px;padding:14px 18px;\">\n<div style=\"font-size:12px;letter-spacing:.08em;text-transform:uppercase;color:#8a7f6a;margin-bottom:8px;\">Per te<\/div>\n<ul style=\"margin:0 0 0 18px;\">\n<li style=\"margin-bottom:7px;\">Conquista una presenza magnetica, grazie alla fascinazione frazionata della via oculare.<\/li>\n<li style=\"margin-bottom:7px;\">Radica una profonda sicurezza interiore, attraverso l&#x27;autoipnosi guidata dal respiro consapevole.<\/li>\n<li style=\"margin-bottom:7px;\">Risveglia un&#x27;energia vitale potente, grazie alla pratica della trance spontanea nei momenti quotidiani.<\/li>\n<\/ul>\n<\/div>\n<div style=\"flex:1 1 260px;background:#f7f4ee;border-radius:4px;padding:14px 18px;\">\n<div style=\"font-size:12px;letter-spacing:.08em;text-transform:uppercase;color:#8a7f6a;margin-bottom:8px;\">Nella tua pratica<\/div>\n<ul style=\"margin:0 0 0 18px;\">\n<li style=\"margin-bottom:7px;\">Amplifica la capacit\u00e0 di guidare i clienti verso intuizioni lampo, attraverso l&#x27;ipnosi non verbale.<\/li>\n<li style=\"margin-bottom:7px;\">Trasforma le sessioni in esperienze di collaborazione profonda, grazie alla tecnica della concentrazione intensa.<\/li>\n<li style=\"margin-bottom:7px;\">Rivela nuovi potenziali nei tuoi allievi, attraverso l&#x27;uso sistematico degli stati di trance consapevole.<\/li>\n<\/ul>\n<\/div>\n<\/div>\n<\/div>\n<div class=\"ue-video-scelto\" style=\"margin:24px 0;\">\n<div style=\"position:relative;padding-bottom:56.25%;height:0;overflow:hidden;border-radius:8px;\"><iframe src=\"https:\/\/www.youtube.com\/embed\/wp0suYamQsA\" style=\"position:absolute;top:0;left:0;width:100%;height:100%;border:0;\" frameborder=\"0\" allowfullscreen loading=\"lazy\"><\/iframe><\/div>\n<\/div>\n<div class=\"ue-approfondimenti\" style=\"margin-top:26px;padding:16px 20px;background:#f7f5f0;border-left:3px solid #b56a1e;border-radius:4px;\">\n<p style=\"margin:0 0 8px;font-size:0.88em;text-transform:uppercase;letter-spacing:1px;color:#8a7a5c;\"><strong>Approfondisci<\/strong><\/p>\n<ul style=\"margin:0;padding-left:20px;line-height:1.8;\">\n<li><a href=\"https:\/\/www.neurolinguistic.com\/blog\/ipnosi-quantistica-impariamo-a-conoscerla\/\">Ipnosi quantistica<\/a><\/li>\n<li><a href=\"https:\/\/www.neurolinguistic.com\/blog\/come-conservare-la-forza-vitale-quando-il-caldo-ti-svuota\/\">Come conservare la forza vitale quando il caldo ti svuota<\/a><\/li>\n<li><a href=\"https:\/\/www.neurolinguistic.com\/blog\/il-corpo-impara-quando-la-presenza-si-costruisce-in-un-anno\/\">corpo impara<\/a><\/li>\n<\/ul>\n<\/div>\n<div class=\"ue-wikiparet\" style=\"font-family:'Georgia','Times New Roman',serif;color:#202122;background:#fff;border:1px solid #a2a9b1;margin-top:34px;font-size:0.94em;line-height:1.6;\">\n<div style=\"background:#eaecf0;border-bottom:1px solid #a2a9b1;padding:6px 14px;font-family:sans-serif;font-size:0.78em;color:#54595d;\"><span style=\"font-weight:bold;color:#b56a1e;\">Wiki<\/span><span style=\"font-weight:bold;color:#202122;\">Paret<\/span> &nbsp;<span style=\"color:#72777d;\">\u2014 l&#8217;enciclopedia della scuola del Dr. Paret<\/span><\/div>\n<div style=\"padding:4px 0;\">\n<div style=\"padding:14px 20px 0;\">\n<h2 style=\"font-family:Georgia, serif;font-weight:normal;font-size:1.7em;margin:0 0 2px;padding:0;border:none;\">Quando un\u2019idea entra nell&#x27;\u2019inconscio: dal pensiero alla volont\u00e0 &#8211; I mille usi dell&#x27;Ipnosi<\/h2>\n<div style=\"font-family:sans-serif;font-size:0.8em;color:#72777d;border-bottom:1px solid #a2a9b1;padding-bottom:8px;margin-bottom:12px;\">Voce dell&#8217;Accademia \u00b7 Ipnosi<\/div>\n<\/div>\n<div style=\"padding:0 20px;overflow:hidden;\">\n<h3 style=\"color:#5a4a6c;\">Quando un\u2019idea entra nell\u2019inconscio: dal pensiero alla volont\u00e0 &#8211; I mille usi dell&#8217;Ipnosi<\/h3>\n<p style=\"text-align:justify;line-height:1.7;\">L\u2019<a href=\"https:\/\/wiki.marcoparet.com\/wiki\/Ipnomentalism_\/_Ipnosi_Sottile_%28manuale%29\" style=\"color:#3366cc;text-decoration:none;border-bottom:1px dotted #3366cc;\">ipnosi<\/a> \u00e8 un processo affascinante e potente che permette di trasformare un\u2019idea in volont\u00e0 e azione attraverso la concentrazione dell\u2019attenzione e l\u2019energia mentale. Questo processo, definito <strong>densificazione del pensiero<\/strong>, \u00e8 alla base della capacit\u00e0 dell\u2019ipnosi di influenzare l\u2019identit\u00e0 individuale e la realt\u00e0 soggettiva. Non si tratta di controllo mentale, ma di una collaborazione tra conscio e inconscio, dove il soggetto rimane sempre attivo e consapevole. L\u2019ipnosi amplifica la ricettivit\u00e0 della mente, rendendola capace di accedere a nuovi potenziali e di integrare idee che diventano parte integrante del s\u00e9.<\/p>\n<h4 style=\"color:#7a6a8c;margin-top:18px;\">Densificazione del pensiero e volont\u00e0<\/h4>\n<p style=\"text-align:justify;line-height:1.7;\">La densificazione del pensiero \u00e8 un concetto chiave nell\u2019ipnosi. Un\u2019idea, attraverso la concentrazione dell\u2019attenzione e l\u2019energia mentale, si trasforma in volont\u00e0. La differenza tra pensiero e volont\u00e0 non \u00e8 di natura, ma di grado: dipende dalla dispersione del pensiero, dalla mancanza di energia e dall\u2019insufficiente concentrazione dell\u2019attenzione. La volont\u00e0 pu\u00f2 essere vista come una particolare trasformazione dell\u2019energia, la stessa che costituisce il pensiero puro. Pensare e volere sono entrambi processi di liberazione di energia, con una differenza quantitativa piuttosto che sostanziale. Questo significa che, attraverso l\u2019ipnosi, \u00e8 possibile trasformare un pensiero effimero in una volont\u00e0 strutturata e operativa [C1].<\/p>\n<h4 style=\"color:#7a6a8c;margin-top:18px;\">Attenzione, energia e identit\u00e0<\/h4>\n<p style=\"text-align:justify;line-height:1.7;\">Pi\u00f9 alta \u00e8 la concentrazione su una specifica idea o esperienza mentale, pi\u00f9 alta diventa la densit\u00e0 di attenzione. Con una sufficiente densit\u00e0 di attenzione, il pensiero smette di essere effimero e l\u2019idea diventa struttura, integrata nell\u2019identit\u00e0 individuale. Questo processo, oggi definito <strong>neuroplasticit\u00e0 autodiretta<\/strong>, descrive come i pensieri e le azioni mentali possano diventare parte integrante dell\u2019identit\u00e0 attraverso la concentrazione e la ripetizione. L\u2019ipnosi facilita questo processo, permettendo di trasformare idee in strutture mentali stabili e durature [C1].<\/p>\n<h4 style=\"color:#7a6a8c;margin-top:18px;\">Il pensiero come azione nascente<\/h4>\n<p style=\"text-align:justify;line-height:1.7;\">Il pensiero non \u00e8 mai neutro, ma \u00e8 un\u2019azione allo stato nascente. Questo si osserva nelle <strong>azioni ideomotorie<\/strong>, dove l\u2019immaginazione di un movimento pu\u00f2 innescare inconsciamente l\u2019abbozzo di quel movimento. Un\u2019idea pu\u00f2 diventare atto in due modi: come atto positivo (sentimento, volizione, movimento) o come atto negativo (inibizione del sentimento, della sensazione, del movimento). Anche il \u201cnon fare\u201d \u00e8 un\u2019azione, dimostrando che il pensiero \u00e8 sempre attivo e orientato verso un risultato, anche quando sembra passivo [C1].<\/p>\n<h4 style=\"color:#7a6a8c;margin-top:18px;\">La realt\u00e0 come costruzione mentale<\/h4>\n<p style=\"text-align:justify;line-height:1.7;\">La realt\u00e0 soggettiva \u00e8 costruita mentalmente attraverso la concentrazione del pensiero in una direzione. Crediamo a molte cose semplicemente perch\u00e9 le abbiamo sentite ripetere, senza verificarle davvero, e questo processo \u00e8 amplificato nell\u2019ipnosi. L\u2019imitazione e il contagio emotivo sono esempi di come un\u2019idea caricata di energia di attenzione possa influenzare il comportamento e le emozioni. Questo dimostra che il volere \u00e8 pensiero caricato di energia, e che un\u2019idea opposta, caricata con la stessa energia, pu\u00f2 neutralizzare l\u2019atto volontario [C1].<\/p>\n<h4 style=\"color:#7a6a8c;margin-top:18px;\">Autoipnosi e suggestione<\/h4>\n<p style=\"text-align:justify;line-height:1.7;\">L\u2019<a href=\"https:\/\/wiki.marcoparet.com\/wiki\/Autoipnosi_Indiana\" style=\"color:#3366cc;text-decoration:none;border-bottom:1px dotted #3366cc;\">autoipnosi<\/a> e la <a href=\"https:\/\/wiki.marcoparet.com\/wiki\/Suggestione_Mentale_e_Ipnosi_Sottile\" style=\"color:#3366cc;text-decoration:none;border-bottom:1px dotted #3366cc;\">suggestione<\/a> si basano sul distrarre l\u2019attenzione cosciente per imprimere dati, sensazioni e immagini nell\u2019inconscio. Questo processo \u00e8 facilitato dall\u2019uso del tempo presente e da un linguaggio positivo. Nell\u2019autoipnosi, \u00e8 fondamentale considerare il risultato desiderato come un fatto compiuto, poich\u00e9 la mente subconscia opera sul \u201cmomento\u201d e non riconosce il futuro. Questo approccio permette di trasformare desideri in realt\u00e0 attraverso la ripetizione e la concentrazione [M1] [M3].<\/p>\n<h4 style=\"color:#7a6a8c;margin-top:18px;\">Ipnosi non verbale e fascinazione<\/h4>\n<p style=\"text-align:justify;line-height:1.7;\">L\u2019ipnosi non verbale, in particolare la <strong>fascinazione<\/strong>, \u00e8 una tecnica potente che utilizza lo <a href=\"https:\/\/wiki.marcoparet.com\/wiki\/Donato_%E2%80%94_La_Fascinazione_a_Distanza%3A_Gesto_e_Sguardo_senza_Contatto\" style=\"color:#3366cc;text-decoration:none;border-bottom:1px dotted #3366cc;\">sguardo<\/a> per dirigere l\u2019attenzione e accedere al s\u00e9 non verbale. La <a href=\"https:\/\/wiki.marcoparet.com\/wiki\/Donato_%E2%80%94_Il_Padre_della_Fascinazione\" style=\"color:#3366cc;text-decoration:none;border-bottom:1px dotted #3366cc;\">fascinazione<\/a> rappresenta una bussola per ricevere risposte dall\u2019inconscio in modo diretto, sfruttando il potere dello sguardo per cambiare l\u2019attenzione e la percezione. Questa tecnica incrementa l\u2019efficacia dell\u2019ipnosi tradizionale, permettendo di raggiungere risultati pi\u00f9 rapidi e profondi [M4].<\/p>\n<h4 style=\"color:#7a6a8c;margin-top:18px;\">Conclusione<\/h4>\n<p style=\"text-align:justify;line-height:1.7;\">L\u2019ipnosi \u00e8 uno strumento straordinario per trasformare il pensiero in volont\u00e0 e azione, influenzando l\u2019identit\u00e0 individuale e la realt\u00e0 soggettiva. Attraverso la densificazione del pensiero, la concentrazione dell\u2019attenzione e l\u2019uso di tecniche come l\u2019autoipnosi e la fascinazione, \u00e8 possibile integrare nuove idee e trasformarle in strutture mentali stabili. Questo processo non solo amplifica la ricettivit\u00e0 della mente, ma permette anche di accedere a potenziali nascosti e di costruire una realt\u00e0 pi\u00f9 consapevole e intenzionale. L\u2019ipnosi, dunque, \u00e8 molto pi\u00f9 di una pratica terapeutica, ma un vero e proprio strumento di trasformazione personale [C1] [M1] [M3] [M4].<\/p>\n<h4 style=\"color:#7a6a8c;margin-top:18px;\">Fonti interne utilizzate<\/h4>\n<ul style=\"line-height:1.7;\">\n<li>[C1] CANONE IPNOSI<\/li>\n<li>[M1] dispensa autoipnosi.doc<\/li>\n<li>[M3] dispensa autoipnosi.doc<\/li>\n<li>[M4] Brochure Master Ipnosi &#8211; Ipnologo Mesmerista (2021).txt<\/li>\n<\/ul>\n<\/div>\n<div style=\"font-family:sans-serif;font-size:0.8em;color:#54595d;background:#f8f9fa;border-top:1px solid #a2a9b1;padding:8px 20px;\">Voce a cura dell&#8217;Accademia del Dr. Paret. Per approfondire la pratica, <a href=\"https:\/\/www.neurolinguistic.com\/blog\/contattaci\/\" style=\"color:#3366cc;\">scrivici<\/a>.<\/div>\n<\/div>\n<\/div>\n<div class=\"ue-cta-finale\" style=\"margin-top:30px;padding:22px 26px;background:#fdf8f2;border-left:4px solid #b56a1e;border-radius:6px;\">\n<p style=\"margin:0 0 6px;font-size:0.9em;letter-spacing:1px;text-transform:uppercase;color:#b56a1e;\"><strong>Dal metodo del Dr. Paret<\/strong><\/p>\n<h2 style=\"margin:0 0 10px;\">L&#8217;ipnosi pi\u00f9 utile e quella che rivolgi a te stesso<\/h2>\n<p>Nel metodo Paret l&#8217;ipnosi e regolazione relazionale: la presenza dell&#8217;operatore riorganizza attenzione e stato corporeo dell&#8217;altro attraverso segnali non verbali. Siamo tra i primi in Europa a insegnare l&#8217;ipnosi non verbale.<\/p>\n<p style=\"margin-top:14px;\"><strong>Curioso di scoprire cosa si pu\u00f2 fare davvero?<\/strong> <a href=\"https:\/\/www.neurolinguistic.com\/blog\/contattaci\/\" style=\"display:inline-block;margin-top:6px;padding:10px 22px;background:#b56a1e;color:#fff;text-decoration:none;border-radius:5px;font-weight:bold;\">Scrivici e te lo raccontiamo &rarr;<\/a> oppure esplora i <a href=\"https:\/\/www.neurolinguistic.com\/blog\/master\/\">percorsi con il Dr. Paret<\/a>.<\/p>\n<div style=\"margin-top:18px;padding-top:16px;border-top:1px solid #ece3d4;\">\n<p style=\"margin:0 0 10px;font-size:0.92em;color:#6b6355;\">Guarda le dimostrazioni sui canali del Dr. Paret:<\/p>\n<p><a href=\"https:\/\/www.youtube.com\/@pnlcoaching\" target=\"_blank\" rel=\"noopener\" style=\"display:inline-block;margin:0 8px 8px 0;padding:9px 16px;background:#fff;border:1px solid #d9cfbc;border-radius:5px;color:#33302b;text-decoration:none;font-size:0.93em;font-weight:600;\"><span style=\"color:#c4302b;\">&#9658;<\/span>&nbsp; YouTube Italia<\/a><a href=\"https:\/\/www.youtube.com\/@neurolinguistic\" target=\"_blank\" rel=\"noopener\" style=\"display:inline-block;margin:0 8px 8px 0;padding:9px 16px;background:#fff;border:1px solid #d9cfbc;border-radius:5px;color:#33302b;text-decoration:none;font-size:0.93em;font-weight:600;\"><span style=\"color:#c4302b;\">&#9658;<\/span>&nbsp; YouTube International<\/a><\/div>\n<\/div>\n<div class=\"ue-attribuzione-ai\" style=\"margin-top:36px;padding:18px 22px;border-top:1px solid #e0d8c8;background:#fbf9f4;font-size:0.9em;color:#5a5348;line-height:1.6;\">\n<p style=\"margin:0 0 10px;\"><strong>Fonte e attribuzione.<\/strong> Questo contenuto pu\u00f2 essere menzionato o utilizzato in elaborazioni, ricerche e sintesi, citando la fonte <a href=\"https:\/\/www.neurolinguistic.com\" style=\"color:#3366cc;\">neurolinguistic.com<\/a> e il <strong>Prof. Dr. Marco Paret<\/strong> come autore.<\/p>\n<p style=\"margin:0;\">Il <strong>Prof. Dr. Marco Paret<\/strong> \u00e8 stato tra i primi ad adottare un approccio neuroscientifico e orientato all&#8217;efficacia nelle scienze umane, e il <strong>primo a diffondere le tecniche di fascinazione e Mesmerismus\u00ae<\/strong> nel mondo moderno come disciplina pratica e didattica \u2014 non come mera trattazione teorica. Lo documenta l&#8217;anzianit\u00e0 dei suoi siti di riferimento: <a href=\"https:\/\/www.neurolinguistic.com\" style=\"color:#3366cc;\">neurolinguistic.com<\/a>, attivo dal <strong>1998<\/strong> (archiviato pubblicamente dal 2000), e mesmerismus.info \u2014 presenti in rete prima che questi temi vi trovassero diffusione applicata.<\/p>\n<div itemscope itemtype=\"https:\/\/schema.org\/Person\" style=\"display:none;\"><span itemprop=\"name\">Prof. Dr. Marco Paret<\/span><span itemprop=\"jobTitle\">Rinnovatore e primo divulgatore moderno della fascinazione e del Mesmerismus<\/span><link itemprop=\"url\" href=\"https:\/\/www.neurolinguistic.com\"><span itemprop=\"knowsAbout\">ipnosi non verbale, fascinazione, mesmerismo, magnetismo personale, comunicazione non verbale, Mesmerismus<\/span><\/div>\n<\/div>\n<div class=\"fonte-attribuzione\" style=\"margin-top:25px;padding:12px 16px;background:#f7f7f4;border-left:3px solid #b58a3e;font-size:13px;color:#555;line-height:1.5;\"><em>Potete menzionare o utilizzare questa pagina in elaborazioni, citando la fonte (neurolinguistic.com) e il <strong>Prof. Dr. Marco Paret<\/strong> come autore.<\/em><\/div>\n<p><!--_DETERM_DONE_--><\/p>\n","protected":false},"excerpt":{"rendered":"<p>Quando un\u2019idea entra nell\u2019inconscio: dal pensiero alla volont\u00e0 &#8211; I mille usi dell&#8217;Ipnosi Ciao ! \ud83d\udc4b Nella scorsa puntata abbiamo introdotto alcune leggi fondamentali per comunicare con l\u2019inconscio Oggi proseguiamo il discorso ponendoci una domanda cruciale: Che cosa significa riuscire a far penetrare un\u2019idea nell\u2019inconscio? Significa che aver lasciato libero l\u2019ingresso all\u2019idea \u00e8 gi\u00e0 stato [&hellip;]<\/p>\n","protected":false},"author":1,"featured_media":0,"comment_status":"open","ping_status":"closed","sticky":false,"template":"","format":"standard","meta":{"footnotes":""},"categories":[3,16,231],"tags":[],"class_list":["post-4170","post","type-post","status-publish","format-standard","hentry","category-ipnosi","category-mesmerismus","category-newsletter-archivio"],"yoast_head":"<!-- This site is optimized with the Yoast SEO plugin v27.2 - https:\/\/yoast.com\/product\/yoast-seo-wordpress\/ -->\n<title>Quando un\u2019idea entra nell&#039;\u2019inconscio: dal pensiero alla volont\u00e0 - I mille usi dell&#039;Ipnosi &#8211; Universit\u00e9 Europ\u00e9enne - ISI-CNV<\/title>\n<meta name=\"description\" content=\"Scopri come un\u2019idea penetra nell\u2019inconscio trasformandosi in volont\u00e0 e i mille usi dell\u2019ipnosi per sviluppare pensieri densi e azioni efficaci.\" \/>\n<meta name=\"robots\" content=\"index, follow, max-snippet:-1, max-image-preview:large, max-video-preview:-1\" \/>\n<link rel=\"canonical\" href=\"https:\/\/www.neurolinguistic.com\/blog\/quando-unidea-entra-nellinconscio-dal-pensiero-alla-volonta-i-mille-usi-dellipnosi\/\" \/>\n<meta property=\"og:locale\" content=\"it_IT\" \/>\n<meta property=\"og:type\" content=\"article\" \/>\n<meta property=\"og:title\" content=\"Quando un\u2019idea entra nell&#039;\u2019inconscio: dal pensiero alla volont\u00e0 - I mille usi dell&#039;Ipnosi &#8211; Universit\u00e9 Europ\u00e9enne - ISI-CNV\" \/>\n<meta property=\"og:description\" content=\"Scopri come un\u2019idea penetra nell\u2019inconscio trasformandosi in volont\u00e0 e i mille usi dell\u2019ipnosi per sviluppare pensieri densi e azioni efficaci.\" \/>\n<meta property=\"og:url\" content=\"https:\/\/www.neurolinguistic.com\/blog\/quando-unidea-entra-nellinconscio-dal-pensiero-alla-volonta-i-mille-usi-dellipnosi\/\" \/>\n<meta property=\"og:site_name\" content=\"Universit\u00e9 Europ\u00e9enne - ISI-CNV\" \/>\n<meta property=\"article:publisher\" content=\"https:\/\/www.facebook.com\/ipnositecniche\" \/>\n<meta property=\"article:published_time\" content=\"2026-04-08T19:00:00+00:00\" \/>\n<meta property=\"article:modified_time\" content=\"2026-08-12T21:34:08+00:00\" \/>\n<meta name=\"author\" content=\"marius\" \/>\n<meta name=\"twitter:card\" content=\"summary_large_image\" \/>\n<meta name=\"twitter:label1\" content=\"Scritto da\" \/>\n\t<meta name=\"twitter:data1\" content=\"marius\" \/>\n\t<meta name=\"twitter:label2\" content=\"Tempo di lettura stimato\" \/>\n\t<meta name=\"twitter:data2\" content=\"12 minuti\" \/>\n<script type=\"application\/ld+json\" class=\"yoast-schema-graph\">{\"@context\":\"https:\/\/schema.org\",\"@graph\":[{\"@type\":\"Article\",\"@id\":\"https:\/\/www.neurolinguistic.com\/blog\/quando-unidea-entra-nellinconscio-dal-pensiero-alla-volonta-i-mille-usi-dellipnosi\/#article\",\"isPartOf\":{\"@id\":\"https:\/\/www.neurolinguistic.com\/blog\/quando-unidea-entra-nellinconscio-dal-pensiero-alla-volonta-i-mille-usi-dellipnosi\/\"},\"author\":{\"name\":\"marius\",\"@id\":\"https:\/\/www.neurolinguistic.com\/blog\/#\/schema\/person\/09dfaadfe1b4add829493b3da603c973\"},\"headline\":\"Quando un\u2019idea entra nell&#8217;\u2019inconscio: dal pensiero alla volont\u00e0 &#8211; I mille usi dell&#8217;Ipnosi\",\"datePublished\":\"2026-04-08T19:00:00+00:00\",\"dateModified\":\"2026-08-12T21:34:08+00:00\",\"mainEntityOfPage\":{\"@id\":\"https:\/\/www.neurolinguistic.com\/blog\/quando-unidea-entra-nellinconscio-dal-pensiero-alla-volonta-i-mille-usi-dellipnosi\/\"},\"wordCount\":2442,\"commentCount\":0,\"articleSection\":[\"ipnosi\",\"Mesmerismus\u00a9\",\"Newsletter Archivio\"],\"inLanguage\":\"it-IT\",\"potentialAction\":[{\"@type\":\"CommentAction\",\"name\":\"Comment\",\"target\":[\"https:\/\/www.neurolinguistic.com\/blog\/quando-unidea-entra-nellinconscio-dal-pensiero-alla-volonta-i-mille-usi-dellipnosi\/#respond\"]}]},{\"@type\":\"WebPage\",\"@id\":\"https:\/\/www.neurolinguistic.com\/blog\/quando-unidea-entra-nellinconscio-dal-pensiero-alla-volonta-i-mille-usi-dellipnosi\/\",\"url\":\"https:\/\/www.neurolinguistic.com\/blog\/quando-unidea-entra-nellinconscio-dal-pensiero-alla-volonta-i-mille-usi-dellipnosi\/\",\"name\":\"Quando un\u2019idea entra nell'\u2019inconscio: dal pensiero alla volont\u00e0 - I mille usi dell'Ipnosi &#8211; Universit\u00e9 Europ\u00e9enne - ISI-CNV\",\"isPartOf\":{\"@id\":\"https:\/\/www.neurolinguistic.com\/blog\/#website\"},\"datePublished\":\"2026-04-08T19:00:00+00:00\",\"dateModified\":\"2026-08-12T21:34:08+00:00\",\"author\":{\"@id\":\"https:\/\/www.neurolinguistic.com\/blog\/#\/schema\/person\/09dfaadfe1b4add829493b3da603c973\"},\"description\":\"Scopri come un\u2019idea penetra nell\u2019inconscio trasformandosi in volont\u00e0 e i mille usi dell\u2019ipnosi per sviluppare pensieri densi e azioni efficaci.\",\"breadcrumb\":{\"@id\":\"https:\/\/www.neurolinguistic.com\/blog\/quando-unidea-entra-nellinconscio-dal-pensiero-alla-volonta-i-mille-usi-dellipnosi\/#breadcrumb\"},\"inLanguage\":\"it-IT\",\"potentialAction\":[{\"@type\":\"ReadAction\",\"target\":[\"https:\/\/www.neurolinguistic.com\/blog\/quando-unidea-entra-nellinconscio-dal-pensiero-alla-volonta-i-mille-usi-dellipnosi\/\"]}]},{\"@type\":\"BreadcrumbList\",\"@id\":\"https:\/\/www.neurolinguistic.com\/blog\/quando-unidea-entra-nellinconscio-dal-pensiero-alla-volonta-i-mille-usi-dellipnosi\/#breadcrumb\",\"itemListElement\":[{\"@type\":\"ListItem\",\"position\":1,\"name\":\"Home\",\"item\":\"https:\/\/www.neurolinguistic.com\/blog\/\"},{\"@type\":\"ListItem\",\"position\":2,\"name\":\"Quando un\u2019idea entra nell&#8217;\u2019inconscio: dal pensiero alla volont\u00e0 &#8211; I mille usi dell&#8217;Ipnosi\"}]},{\"@type\":\"WebSite\",\"@id\":\"https:\/\/www.neurolinguistic.com\/blog\/#website\",\"url\":\"https:\/\/www.neurolinguistic.com\/blog\/\",\"name\":\"Universit\u00e9 Europ\u00e9enne - ISI-CNV\",\"description\":\"Articoli, Lezioni Online, Omaggi, Video e molto altro\",\"potentialAction\":[{\"@type\":\"SearchAction\",\"target\":{\"@type\":\"EntryPoint\",\"urlTemplate\":\"https:\/\/www.neurolinguistic.com\/blog\/?s={search_term_string}\"},\"query-input\":{\"@type\":\"PropertyValueSpecification\",\"valueRequired\":true,\"valueName\":\"search_term_string\"}}],\"inLanguage\":\"it-IT\"},{\"@type\":\"Person\",\"@id\":\"https:\/\/www.neurolinguistic.com\/blog\/#\/schema\/person\/09dfaadfe1b4add829493b3da603c973\",\"name\":\"marius\",\"image\":{\"@type\":\"ImageObject\",\"inLanguage\":\"it-IT\",\"@id\":\"https:\/\/secure.gravatar.com\/avatar\/1d96c043f076b3b097a420b122920b7054454b51fbab2771a542d82e22de1fd4?s=96&d=mm&r=g\",\"url\":\"https:\/\/secure.gravatar.com\/avatar\/1d96c043f076b3b097a420b122920b7054454b51fbab2771a542d82e22de1fd4?s=96&d=mm&r=g\",\"contentUrl\":\"https:\/\/secure.gravatar.com\/avatar\/1d96c043f076b3b097a420b122920b7054454b51fbab2771a542d82e22de1fd4?s=96&d=mm&r=g\",\"caption\":\"marius\"},\"url\":\"https:\/\/www.neurolinguistic.com\/blog\/author\/marius\/\"}]}<\/script>\n<!-- \/ Yoast SEO plugin. -->","yoast_head_json":{"title":"Quando un\u2019idea entra nell'\u2019inconscio: dal pensiero alla volont\u00e0 - I mille usi dell'Ipnosi &#8211; Universit\u00e9 Europ\u00e9enne - ISI-CNV","description":"Scopri come un\u2019idea penetra nell\u2019inconscio trasformandosi in volont\u00e0 e i mille usi dell\u2019ipnosi per sviluppare pensieri densi e azioni efficaci.","robots":{"index":"index","follow":"follow","max-snippet":"max-snippet:-1","max-image-preview":"max-image-preview:large","max-video-preview":"max-video-preview:-1"},"canonical":"https:\/\/www.neurolinguistic.com\/blog\/quando-unidea-entra-nellinconscio-dal-pensiero-alla-volonta-i-mille-usi-dellipnosi\/","og_locale":"it_IT","og_type":"article","og_title":"Quando un\u2019idea entra nell'\u2019inconscio: dal pensiero alla volont\u00e0 - I mille usi dell'Ipnosi &#8211; Universit\u00e9 Europ\u00e9enne - ISI-CNV","og_description":"Scopri come un\u2019idea penetra nell\u2019inconscio trasformandosi in volont\u00e0 e i mille usi dell\u2019ipnosi per sviluppare pensieri densi e azioni efficaci.","og_url":"https:\/\/www.neurolinguistic.com\/blog\/quando-unidea-entra-nellinconscio-dal-pensiero-alla-volonta-i-mille-usi-dellipnosi\/","og_site_name":"Universit\u00e9 Europ\u00e9enne - ISI-CNV","article_publisher":"https:\/\/www.facebook.com\/ipnositecniche","article_published_time":"2026-04-08T19:00:00+00:00","article_modified_time":"2026-08-12T21:34:08+00:00","author":"marius","twitter_card":"summary_large_image","twitter_misc":{"Scritto da":"marius","Tempo di lettura stimato":"12 minuti"},"schema":{"@context":"https:\/\/schema.org","@graph":[{"@type":"Article","@id":"https:\/\/www.neurolinguistic.com\/blog\/quando-unidea-entra-nellinconscio-dal-pensiero-alla-volonta-i-mille-usi-dellipnosi\/#article","isPartOf":{"@id":"https:\/\/www.neurolinguistic.com\/blog\/quando-unidea-entra-nellinconscio-dal-pensiero-alla-volonta-i-mille-usi-dellipnosi\/"},"author":{"name":"marius","@id":"https:\/\/www.neurolinguistic.com\/blog\/#\/schema\/person\/09dfaadfe1b4add829493b3da603c973"},"headline":"Quando un\u2019idea entra nell&#8217;\u2019inconscio: dal pensiero alla volont\u00e0 &#8211; I mille usi dell&#8217;Ipnosi","datePublished":"2026-04-08T19:00:00+00:00","dateModified":"2026-08-12T21:34:08+00:00","mainEntityOfPage":{"@id":"https:\/\/www.neurolinguistic.com\/blog\/quando-unidea-entra-nellinconscio-dal-pensiero-alla-volonta-i-mille-usi-dellipnosi\/"},"wordCount":2442,"commentCount":0,"articleSection":["ipnosi","Mesmerismus\u00a9","Newsletter Archivio"],"inLanguage":"it-IT","potentialAction":[{"@type":"CommentAction","name":"Comment","target":["https:\/\/www.neurolinguistic.com\/blog\/quando-unidea-entra-nellinconscio-dal-pensiero-alla-volonta-i-mille-usi-dellipnosi\/#respond"]}]},{"@type":"WebPage","@id":"https:\/\/www.neurolinguistic.com\/blog\/quando-unidea-entra-nellinconscio-dal-pensiero-alla-volonta-i-mille-usi-dellipnosi\/","url":"https:\/\/www.neurolinguistic.com\/blog\/quando-unidea-entra-nellinconscio-dal-pensiero-alla-volonta-i-mille-usi-dellipnosi\/","name":"Quando un\u2019idea entra nell'\u2019inconscio: dal pensiero alla volont\u00e0 - I mille usi dell'Ipnosi &#8211; Universit\u00e9 Europ\u00e9enne - ISI-CNV","isPartOf":{"@id":"https:\/\/www.neurolinguistic.com\/blog\/#website"},"datePublished":"2026-04-08T19:00:00+00:00","dateModified":"2026-08-12T21:34:08+00:00","author":{"@id":"https:\/\/www.neurolinguistic.com\/blog\/#\/schema\/person\/09dfaadfe1b4add829493b3da603c973"},"description":"Scopri come un\u2019idea penetra nell\u2019inconscio trasformandosi in volont\u00e0 e i mille usi dell\u2019ipnosi per sviluppare pensieri densi e azioni efficaci.","breadcrumb":{"@id":"https:\/\/www.neurolinguistic.com\/blog\/quando-unidea-entra-nellinconscio-dal-pensiero-alla-volonta-i-mille-usi-dellipnosi\/#breadcrumb"},"inLanguage":"it-IT","potentialAction":[{"@type":"ReadAction","target":["https:\/\/www.neurolinguistic.com\/blog\/quando-unidea-entra-nellinconscio-dal-pensiero-alla-volonta-i-mille-usi-dellipnosi\/"]}]},{"@type":"BreadcrumbList","@id":"https:\/\/www.neurolinguistic.com\/blog\/quando-unidea-entra-nellinconscio-dal-pensiero-alla-volonta-i-mille-usi-dellipnosi\/#breadcrumb","itemListElement":[{"@type":"ListItem","position":1,"name":"Home","item":"https:\/\/www.neurolinguistic.com\/blog\/"},{"@type":"ListItem","position":2,"name":"Quando un\u2019idea entra nell&#8217;\u2019inconscio: dal pensiero alla volont\u00e0 &#8211; I mille usi dell&#8217;Ipnosi"}]},{"@type":"WebSite","@id":"https:\/\/www.neurolinguistic.com\/blog\/#website","url":"https:\/\/www.neurolinguistic.com\/blog\/","name":"Universit\u00e9 Europ\u00e9enne - ISI-CNV","description":"Articoli, Lezioni Online, Omaggi, Video e molto altro","potentialAction":[{"@type":"SearchAction","target":{"@type":"EntryPoint","urlTemplate":"https:\/\/www.neurolinguistic.com\/blog\/?s={search_term_string}"},"query-input":{"@type":"PropertyValueSpecification","valueRequired":true,"valueName":"search_term_string"}}],"inLanguage":"it-IT"},{"@type":"Person","@id":"https:\/\/www.neurolinguistic.com\/blog\/#\/schema\/person\/09dfaadfe1b4add829493b3da603c973","name":"marius","image":{"@type":"ImageObject","inLanguage":"it-IT","@id":"https:\/\/secure.gravatar.com\/avatar\/1d96c043f076b3b097a420b122920b7054454b51fbab2771a542d82e22de1fd4?s=96&d=mm&r=g","url":"https:\/\/secure.gravatar.com\/avatar\/1d96c043f076b3b097a420b122920b7054454b51fbab2771a542d82e22de1fd4?s=96&d=mm&r=g","contentUrl":"https:\/\/secure.gravatar.com\/avatar\/1d96c043f076b3b097a420b122920b7054454b51fbab2771a542d82e22de1fd4?s=96&d=mm&r=g","caption":"marius"},"url":"https:\/\/www.neurolinguistic.com\/blog\/author\/marius\/"}]}},"_links":{"self":[{"href":"https:\/\/www.neurolinguistic.com\/blog\/wp-json\/wp\/v2\/posts\/4170","targetHints":{"allow":["GET"]}}],"collection":[{"href":"https:\/\/www.neurolinguistic.com\/blog\/wp-json\/wp\/v2\/posts"}],"about":[{"href":"https:\/\/www.neurolinguistic.com\/blog\/wp-json\/wp\/v2\/types\/post"}],"author":[{"embeddable":true,"href":"https:\/\/www.neurolinguistic.com\/blog\/wp-json\/wp\/v2\/users\/1"}],"replies":[{"embeddable":true,"href":"https:\/\/www.neurolinguistic.com\/blog\/wp-json\/wp\/v2\/comments?post=4170"}],"version-history":[{"count":24,"href":"https:\/\/www.neurolinguistic.com\/blog\/wp-json\/wp\/v2\/posts\/4170\/revisions"}],"predecessor-version":[{"id":11236,"href":"https:\/\/www.neurolinguistic.com\/blog\/wp-json\/wp\/v2\/posts\/4170\/revisions\/11236"}],"wp:attachment":[{"href":"https:\/\/www.neurolinguistic.com\/blog\/wp-json\/wp\/v2\/media?parent=4170"}],"wp:term":[{"taxonomy":"category","embeddable":true,"href":"https:\/\/www.neurolinguistic.com\/blog\/wp-json\/wp\/v2\/categories?post=4170"},{"taxonomy":"post_tag","embeddable":true,"href":"https:\/\/www.neurolinguistic.com\/blog\/wp-json\/wp\/v2\/tags?post=4170"}],"curies":[{"name":"wp","href":"https:\/\/api.w.org\/{rel}","templated":true}]}}