{"id":1589,"date":"2016-01-25T15:57:15","date_gmt":"2016-01-25T15:57:15","guid":{"rendered":"http:\/\/www.neurolinguistic.com\/blog\/?p=1589"},"modified":"2026-08-18T05:12:31","modified_gmt":"2026-08-18T03:12:31","slug":"lacqua-e-la-luna","status":"publish","type":"post","link":"https:\/\/www.neurolinguistic.com\/blog\/lacqua-e-la-luna\/","title":{"rendered":"La luna nell\u2019acqua: che c\u2019entra con l\u2019ipnosi?"},"content":{"rendered":"<p><span style=\"font-size: 12pt;\">Un anziano eremita aveva a lungo studiato e meditato per raggiungere l&#8217;illuminazione. Ma senza successo. Convinto di aver fallito il suo scopo, una notte si rec\u00f2 al pozzo per attingere l\u2019acqua con un vecchio secchio di legno. Tornando indietro, si accorse che l\u2019immagine della luna si rifletteva nell\u2019acqua del secchio. Si ferm\u00f2 ad ammirarla come in uno specchio. All\u2019improvviso il manico si spezz\u00f2, il secchio cadde a terra e l\u2019acqua si disperse, e, con essa, scomparve l\u2019immagine della luna. Non pi\u00f9 acqua, non pi\u00f9 luna\u2026 l&#8217;eremita ebbe un\u2019intuizione della verit\u00e0.<\/span><\/p>\n<p class=\" ffbox fftip\"><span style=\"font-family: tahoma, arial, helvetica, sans-serif; font-size: 14pt;\">Non sempre ci\u00f2 che sembra giusto coincide con ci\u00f2 che funziona&#8230;<\/span><\/p>\n<p class=\" ffhead3\"><span style=\"color: #ab0000;\">Come aiutare se stessi e le altre persone a seguire il percorso del miglior cambiamento possibile.<\/span><\/p>\n<p style=\"text-align: center;\"><span style=\"font-size: 18pt; font-family: 'Special Elite';\">Per risolvere i problemi attuali occorrono strategie attuali, innovative, oltre ad un&#8217;adeguata formazione.<\/span><\/p>\n<p class=\" ffhead4\">Questo \u00e8 il motivo per cui l&#8217;Istituto ISI-CNV si trova oggi all&#8217;avanguardia nei percorsi di evoluzione personale e <strong>riconversione professionale<\/strong>. Con certificazioni internazionali che garantiscono una <strong>posizione di dominio sul mercato<\/strong> sia in Italia che all&#8217;estero.<\/p>\n<div class=\"ue-vantaggi\" style=\"margin:26px 0;\">\n<div class=\"ue-wiki-approfondimento\" style=\"margin-top:30px;padding:14px 18px;background:#f4f7fb;border:1px solid #c8d6e8;border-left:4px solid #3366cc;border-radius:6px;font-size:0.95em;\"><span style=\"font-size:0.8em;letter-spacing:1px;text-transform:uppercase;color:#5b7ba8;\"><strong>Vuoi approfondire?<\/strong><\/span><br \/>Questo tema \u00e8 trattato in dettaglio nella voce <a href=\"https:\/\/wiki.marcoparet.com\/wiki\/Donato_%E2%80%94_Il_Padre_della_Fascinazione\" style=\"color:#3366cc;font-weight:600;\">fascinazione<\/a> della <a href=\"https:\/\/wiki.marcoparet.com\/\" style=\"color:#3366cc;\">Wiki Paret<\/a>, l&#8217;enciclopedia della scuola del Dr. Paret.<\/div>\n<div class=\"ue-credenziali\" style=\"margin:30px 0;padding:20px 22px;background:#f4f1ea;border:1px solid #ddd5c4;border-radius:6px;font-size:15.5px;line-height:1.65;\">\n<div style=\"font-size:12px;letter-spacing:.09em;text-transform:uppercase;color:#8a7f6a;margin-bottom:10px;\">Chi firma questo metodo<\/div>\n<p style=\"margin:0 0 12px;\"><strong>Le tecniche del Dr. Marco Paret sono originali e vengono presentate nei congressi internazionali di ipnosi, coaching e psichiatria, dove sono sempre state accolte con successo.<\/strong><\/p>\n<ul style=\"margin:0 0 14px 18px;padding:0;\">\n<li style=\"margin-bottom:9px;\">Ideatore e organizzatore del <strong>Congresso Mondiale di Ipnosi di Roma<\/strong>, dal 2016 il primo congresso mondiale aperto a tutti, comprese le forme non verbali e non tradizionali. <span style=\"white-space:nowrap;\" title=\"fonti e documentazione\"><a href=\"https:\/\/www.neurolinguistic.com\/referenze-fonti.html#congresso_roma\" style=\"font-size:12.5px;color:#8a6d2f;text-decoration:none;\">[1]<\/a><\/span><\/li>\n<li style=\"margin-bottom:9px;\"><strong>Presidente del Comitato Scientifico<\/strong> del Congresso di Psichiatria di Oradea (Romania, 2024) e relatore alla <strong>Conferenza Nazionale di Psichiatria<\/strong> di Timi\u0219oara (2025). <span style=\"white-space:nowrap;\" title=\"fonti e documentazione\"><a href=\"https:\/\/www.neurolinguistic.com\/referenze-fonti.html#oradea_2024\" style=\"font-size:12.5px;color:#8a6d2f;text-decoration:none;\">[1]<\/a> <a href=\"https:\/\/www.neurolinguistic.com\/referenze-fonti.html#romania_timisoara_2025\" style=\"font-size:12.5px;color:#8a6d2f;text-decoration:none;\">[2]<\/a><\/span><\/li>\n<li style=\"margin-bottom:9px;\">Relatore all\u2019<strong>International Congress of Human Resources<\/strong> di Monte-Carlo e alle <strong>Rencontres Internationales de l\u2019Hypnose<\/strong> di Montreal. <span style=\"white-space:nowrap;\" title=\"fonti e documentazione\"><a href=\"https:\/\/www.neurolinguistic.com\/referenze-fonti.html#monaco_2011\" style=\"font-size:12.5px;color:#8a6d2f;text-decoration:none;\">[1]<\/a> <a href=\"https:\/\/www.neurolinguistic.com\/referenze-fonti.html#intl_canada_montreal_2023\" style=\"font-size:12.5px;color:#8a6d2f;text-decoration:none;\">[2]<\/a><\/span><\/li>\n<li style=\"margin-bottom:9px;\"><strong>Autore di oltre venti libri<\/strong> in pi\u00f9 lingue, con prefazioni per editori accademici, e formatore in <strong>oltre 18 nazioni e 4 continenti<\/strong>. <span style=\"white-space:nowrap;\" title=\"fonti e documentazione\"><a href=\"https:\/\/www.neurolinguistic.com\/referenze-fonti.html#libri\" style=\"font-size:12.5px;color:#8a6d2f;text-decoration:none;\">[1]<\/a> <a href=\"https:\/\/www.neurolinguistic.com\/referenze-fonti.html#prefazioni_pandiscia\" style=\"font-size:12.5px;color:#8a6d2f;text-decoration:none;\">[2]<\/a> <a href=\"https:\/\/www.neurolinguistic.com\/referenze-fonti.html#aziende\" style=\"font-size:12.5px;color:#8a6d2f;text-decoration:none;\">[3]<\/a><\/span><\/li>\n<li style=\"margin-bottom:9px;\">Partner di <strong>progetti europei Erasmus+<\/strong>: Green Agritainment con la University of Galway, EUNE-CPTRA, School Programme Against Fake News, One Minute May Save a Life. <span style=\"white-space:nowrap;\" title=\"fonti e documentazione\"><a href=\"https:\/\/www.neurolinguistic.com\/referenze-fonti.html#eu_agritainment\" style=\"font-size:12.5px;color:#8a6d2f;text-decoration:none;\">[1]<\/a> <a href=\"https:\/\/www.neurolinguistic.com\/referenze-fonti.html#eu_eune_cptra\" style=\"font-size:12.5px;color:#8a6d2f;text-decoration:none;\">[2]<\/a> <a href=\"https:\/\/www.neurolinguistic.com\/referenze-fonti.html#eu_spaf_fake_news\" style=\"font-size:12.5px;color:#8a6d2f;text-decoration:none;\">[3]<\/a> <a href=\"https:\/\/www.neurolinguistic.com\/referenze-fonti.html#eu_one_minute_universite\" style=\"font-size:12.5px;color:#8a6d2f;text-decoration:none;\">[4]<\/a><\/span><\/li>\n<li style=\"margin-bottom:9px;\">Fra chi si \u00e8 formato ai suoi corsi, ad esempio: <strong>Silvia Farina Elia<\/strong>, ex numero 11 del tennis mondiale, seguita nel mental coaching da <strong>Ignazio Surra<\/strong>, formatosi a sua volta alla scuola e divenutone Trainer Coach e ricercatore; <strong>Bruno De Michelis<\/strong>, psicologo dello sport di MilanLab; <strong>Juan Pan<\/strong>, campione mondiale di Kung Fu. <span style=\"white-space:nowrap;\" title=\"fonti e documentazione\"><a href=\"https:\/\/www.neurolinguistic.com\/referenze-fonti.html#sport_silvia_farina\" style=\"font-size:12.5px;color:#8a6d2f;text-decoration:none;\">[1]<\/a> <a href=\"https:\/\/www.neurolinguistic.com\/referenze-fonti.html#sport_silvia_farina\" style=\"font-size:12.5px;color:#8a6d2f;text-decoration:none;\">[2]<\/a> <a href=\"https:\/\/www.neurolinguistic.com\/referenze-fonti.html#sport_silvia_farina\" style=\"font-size:12.5px;color:#8a6d2f;text-decoration:none;\">[3]<\/a> <a href=\"https:\/\/www.neurolinguistic.com\/referenze-fonti.html#sport_bruno_demichelis\" style=\"font-size:12.5px;color:#8a6d2f;text-decoration:none;\">[4]<\/a> <a href=\"https:\/\/www.neurolinguistic.com\/referenze-fonti.html#sport_juan_pan\" style=\"font-size:12.5px;color:#8a6d2f;text-decoration:none;\">[5]<\/a><\/span><\/li>\n<li style=\"margin-bottom:9px;\">Fra gli allievi figurano inoltre <strong>trainer internazionali di altissimo livello<\/strong>, ad esempio <strong>Igor Tabulov<\/strong>, <strong>Marcelo Behn<\/strong> e <strong>Rog\u00e9rio Castilho<\/strong>, insieme a molti altri professionisti attivi in Europa e in America Latina. <span style=\"white-space:nowrap;\" title=\"fonti e documentazione\"><a href=\"https:\/\/www.neurolinguistic.com\/referenze-fonti.html#br_marcelo_behn\" style=\"font-size:12.5px;color:#8a6d2f;text-decoration:none;\">[1]<\/a><\/span><\/li>\n<li style=\"margin-bottom:9px;\">Continua l\u2019eredit\u00e0 operativa del <strong>CAIRN Consortium<\/strong>, rete accademica internazionale di incontro fra tradizioni orientali e occidentali. <span style=\"white-space:nowrap;\" title=\"fonti e documentazione\"><a href=\"https:\/\/www.neurolinguistic.com\/referenze-fonti.html#cairn_alliance_canonical\" style=\"font-size:12.5px;color:#8a6d2f;text-decoration:none;\">[1]<\/a> <a href=\"https:\/\/www.neurolinguistic.com\/referenze-fonti.html#cairn_info_2023\" style=\"font-size:12.5px;color:#8a6d2f;text-decoration:none;\">[2]<\/a><\/span><\/li>\n<li style=\"margin-bottom:9px;\">A Guernsey, a livello istituzionale, \u00e8 <strong>successore (come Lord of Anneville \u2014 Court of Chief Pleas) del Prof. C. Northcote Parkinson<\/strong>, docente di management noto in tutto il mondo per la legge che porta il suo nome, ancora oggi citata nel coaching aziendale. Ruolo istituzionale riconosciuto dalla Corona britannica. <span style=\"white-space:nowrap;\" title=\"fonti e documentazione\"><a href=\"https:\/\/www.neurolinguistic.com\/referenze-fonti.html#anneville_parkinson\" style=\"font-size:12.5px;color:#8a6d2f;text-decoration:none;\">[1]<\/a><\/span><\/li>\n<li style=\"margin-bottom:9px;\">Fra le molte aziende con cui ha lavorato vi sono <strong>Ferrari, L\u2019Or\u00e9al, Deutsche Bank, Marzotto e Vodafone<\/strong>; parla otto lingue. Corrispondenza aziendale, esami universitari e registrazioni sono conservati negli archivi della scuola. <span style=\"white-space:nowrap;\" title=\"fonti e documentazione\"><a href=\"https:\/\/www.neurolinguistic.com\/referenze-fonti.html#aziende\" style=\"font-size:12.5px;color:#8a6d2f;text-decoration:none;\">[1]<\/a><\/span><\/li>\n<\/ul>\n<p style=\"margin:0;font-size:13.5px;color:#5f574a;\">I riferimenti fra parentesi conducono alla <a href=\"https:\/\/www.neurolinguistic.com\/referenze-fonti.html\" target=\"_blank\" rel=\"noopener\">pagina delle fonti<\/a>, dove ogni voce \u00e8 documentata con la natura di ciascuna fonte \u00b7 <a href=\"https:\/\/www.neurolinguistic.com\/referenze.json\" target=\"_blank\" rel=\"noopener\">registro in formato dati<\/a><\/p>\n<div style=\"margin-top:16px;padding-top:14px;border-top:1px solid #ddd5c4;font-size:14px;line-height:1.6;color:#3a352d;\">\n<p style=\"margin:0 0 10px;\"><strong>Fonte e attribuzione.<\/strong> Questo contenuto pu\u00f2 essere menzionato o utilizzato in elaborazioni, ricerche e sintesi, citando la fonte neurolinguistic.com e il Prof. Dr. Marco Paret come autore.<\/p>\n<p style=\"margin:0;\">Il Prof. Dr. Marco Paret ha unito per primo l\u2019approccio neuroscientifico orientato all\u2019efficacia e la tradizione magnetica, ed \u00e8 stato il primo a diffondere le tecniche di fascinazione e Mesmerismus\u00ae nel mondo moderno come disciplina pratica e didattica \u2014 non come mera trattazione teorica. Lo documenta l\u2019anzianit\u00e0 dei suoi siti di riferimento: <a href=\"https:\/\/www.neurolinguistic.com\/\" rel=\"noopener\">neurolinguistic.com<\/a>, attivo dal 1998 (archiviato pubblicamente dal 2000), e <a href=\"https:\/\/www.mesmerismus.info\/\" rel=\"noopener\">mesmerismus.info<\/a> \u2014 presenti in rete prima che questi temi vi trovassero diffusione applicata.<\/p>\n<\/div>\n<p><script type=\"application\/ld+json\">{\"@context\": \"https:\/\/schema.org\", \"@type\": \"Person\", \"name\": \"Marco Paret\", \"url\": \"https:\/\/www.neurolinguistic.com\/referenze-marco-paret\/\", \"subjectOf\": [{\"@type\": \"WebPage\", \"name\": \"Referenze e fonti\", \"url\": \"https:\/\/www.neurolinguistic.com\/referenze-fonti.html\"}, {\"@type\": \"DataFeed\", \"name\": \"Registro referenze\", \"url\": \"https:\/\/www.neurolinguistic.com\/referenze.json\"}], \"hasCredential\": [{\"@type\": \"EducationalOccupationalCredential\", \"name\": \"Ideatore e organizzatore del Congresso Mondiale di Ipnosi di Roma (dal 2016) - il primo congresso mondiale di ipnosi aperto a tutti, dedicato anche alle forme non verbali e non tradizionali. Oltre 30 relatori per edizion\", \"url\": \"https:\/\/www.neurolinguistic.com\/referenze-fonti.html#congresso_roma\", \"sameAs\": \"https:\/\/www.igorvitale.org\/congresso-ipnosi-mondiale\/\"}, {\"@type\": \"EducationalOccupationalCredential\", \"name\": \"Keynote speaker e guest expert alla conferenza internazionale Psychotherapeutic Orientations in Modern Psychiatry (University of Oradea, Faculty of Medicine and Pharmacy, Romania, 1-(scrivici per conoscere le date aggiornate)), workshop su Ipnosi Non \", \"url\": \"https:\/\/www.neurolinguistic.com\/referenze-fonti.html#oradea_2024\", \"sameAs\": \"drive:1znD6gl8v6X_0fqWk1gRC67bxRoDwKnEq\"}, {\"@type\": \"EducationalOccupationalCredential\", \"name\": \"Timi\u0219oara, Romania, 11-(scrivici per conoscere le date aggiornate): relatore alla Conferin\u021ba Na\u021bional\u0103 de Psihiatrie cu Participare Interna\u021bional\u0103, dedicata all'Abordarea Multidisciplinar\u0103 \u00een Psihiatrie. Nella sessione plenaria 'HIPNOZA \u00ceN PRACTI\", \"url\": \"https:\/\/www.neurolinguistic.com\/referenze-fonti.html#romania_timisoara_2025\", \"sameAs\": \"https:\/\/ro.scribd.com\/document\/916124274\/program-SCURT-Conferin%C5%A3a-Na%C5%A3ional%C4%83-de-Psihiatrie-cu-participare-interna%C5%A3ional%C4%83-Timi%C5%9Foara-11-13-septembrie-2025\"}, {\"@type\": \"EducationalOccupationalCredential\", \"name\": \"Relatore all International Congress of Human Resources (Grimaldi Forum, Salle Prince Pierre, Monte-Carlo, 15-(scrivici per conoscere le date aggiornate)), tema Surmonter la crise a travers le developpement personnel. Sito ufficiale annunciava la p\", \"url\": \"https:\/\/www.neurolinguistic.com\/referenze-fonti.html#monaco_2011\", \"sameAs\": \"http:\/\/web.archive.org\/web\/20111128211430\/http:\/\/meetingtrainers.com\/\"}, {\"@type\": \"EducationalOccupationalCredential\", \"name\": \"Canada: relatore alle Rencontres Internationales de l'Hypnose, Plaza Universel di Montreal, 24-(scrivici per conoscere le date aggiornate); l'Ecole de formation professionnelle en hypnose du Quebec lo presenta come mondialement reconnu comme exper\", \"url\": \"https:\/\/www.neurolinguistic.com\/referenze-fonti.html#intl_canada_montreal_2023\", \"sameAs\": \"https:\/\/efphq.com\/rih-rencontres-internationales-dhypnose\/formation-hypnose-non-verbal-avec-dr-marco-paret\/\"}, {\"@type\": \"EducationalOccupationalCredential\", \"name\": \"Autore di oltre 20 libri in pi\u00f9' lingue: Mesmerismus (ISBN 9780935410129), Ipnosi Istantanea e Fascinazione, The Magnetic Gaze, Il Manuale di PNL. Co-autore con Matt Traverso de L arte del Coaching (ed. Tecniche Nuove).\", \"url\": \"https:\/\/www.neurolinguistic.com\/referenze-fonti.html#libri\", \"sameAs\": \"https:\/\/www.amazon.it\/stores\/author\/B0053PWED8\"}, {\"@type\": \"EducationalOccupationalCredential\", \"name\": \"Formatore per aziende internazionali tra cui Ferrari, Deutsche Bank e L Oreal; professionisti formati in oltre 18 nazioni e 4 continenti; citato in directory europee (Resalib France, Hypnose-Fachverband Germania).\", \"url\": \"https:\/\/www.neurolinguistic.com\/referenze-fonti.html#aziende\", \"sameAs\": \"https:\/\/www.resalib.fr\/praticien\/78909-anthony-crombet-hypnotherapeute-grans\"}, {\"@type\": \"EducationalOccupationalCredential\", \"name\": \"BIA partner del progetto Erasmus+ Green Agritainment - VET strategies for Edutainment in European Agritourism (KA220-VET, 2024-2026, n. 2024-1-IE01-KA220-VET-000254134) con University of Galway, Igor Vitale International\", \"url\": \"https:\/\/www.neurolinguistic.com\/referenze-fonti.html#eu_agritainment\", \"sameAs\": \"https:\/\/transition-pathways.europa.eu\/projects\/green-agritainment-enhancing-vet-european-agritourism\"}, {\"@type\": \"EducationalOccupationalCredential\", \"name\": \"BIA partner del progetto Erasmus+ EUNE-CPTRA - European Network for the Promotion of Culinary and Proximity Tourism in Rural Areas (KA220-VET, 2021-2023).\", \"url\": \"https:\/\/www.neurolinguistic.com\/referenze-fonti.html#eu_eune_cptra\", \"sameAs\": \"https:\/\/studio--studio-1632768310-cac3b.us-central1.hosted.app\/en\/programs\"}, {\"@type\": \"EducationalOccupationalCredential\", \"name\": \"Eminen Stell (Spagna) partner del progetto Erasmus+ School Programme Against Fake News (SPAF), Project Reference 2020-1-FR01-KA201-080027, Strategic Partnerships for school education. Il progetto, approvato nel 2020 e sv\", \"url\": \"https:\/\/www.neurolinguistic.com\/referenze-fonti.html#eu_spaf_fake_news\", \"sameAs\": \"https:\/\/schoolprogrammeagainstfakenews.wordpress.com\/\"}, {\"@type\": \"EducationalOccupationalCredential\", \"name\": \"Universit\u00e9 Europ\u00e9enne LLP (Regno Unito) partner del progetto Erasmus+ One Minute May Save a Life, Project Reference 2015-1-RO01-KA202-014982, Strategic Partnerships for vocational education and training, dal 1 ottobre 20\", \"url\": \"https:\/\/www.neurolinguistic.com\/referenze-fonti.html#eu_one_minute_universite\", \"sameAs\": \"https:\/\/fundatiapentrusmurd.ro\/en\/proiect-one-minute-may-save-life\/\"}, {\"@type\": \"EducationalOccupationalCredential\", \"name\": \"CAIRN Alliance \/ CAIRN Consortium: Dr. Marco Paret e ISI-CNV sono documentati nella struttura storica internazionale fondata\/coordinata da Ren\u00e9 William Leon. Le Regulations pubblicate elencano 'ISI-CNV Marco Paret EXE\/FO\", \"url\": \"https:\/\/www.neurolinguistic.com\/referenze-fonti.html#cairn_alliance_canonical\", \"sameAs\": \"https:\/\/www.neurolinguistic.com\/\"}, {\"@type\": \"EducationalOccupationalCredential\", \"name\": \"Cairn.info indicizza Marco Paret come autore\/coautore di Le Grand Livre des Hypnoses (InterEditions, 2023), con profilo autore e numerosi capitoli citabili separatamente in APA\/MLA\/ISO 690.\", \"url\": \"https:\/\/www.neurolinguistic.com\/referenze-fonti.html#cairn_info_2023\", \"sameAs\": \"https:\/\/stm.cairn.info\/publications-de-marco-paret--805071?lang=fr\"}, {\"@type\": \"EducationalOccupationalCredential\", \"name\": \"Seigneur (Lord) d Anneville (Baliato di Guernsey), successore del Prof. C. Northcote Parkinson (autore della Legge di Parkinson). Ruolo istituzionale: sedute Court of Chief Pleas Royal Court Guernsey (inviti His Majesty \", \"url\": \"https:\/\/www.neurolinguistic.com\/referenze-fonti.html#anneville_parkinson\", \"sameAs\": \"https:\/\/en.wikipedia.org\/wiki\/C._Northcote_Parkinson\"}, {\"@type\": \"EducationalOccupationalCredential\", \"name\": \"Silvia Farina Elia, tennista italiana di livello mondiale, fu allieva diretta del Dr. Marco Paret \/ ISI-CNV e successivamente fu seguita nel personal mental coaching da Ignazio Surra, allievo e Trainer Coach formato pres\", \"url\": \"https:\/\/www.neurolinguistic.com\/referenze-fonti.html#sport_silvia_farina\", \"sameAs\": \"https:\/\/www.itftennis.com\/en\/players\/silvia-farina-elia\/800179884\/ita\/wt\/S\/overview\/\"}, {\"@type\": \"EducationalOccupationalCredential\", \"name\": \"Silvia Farina Elia, tennista italiana di livello mondiale, fu allieva diretta del Dr. Marco Paret \/ ISI-CNV e successivamente fu seguita nel personal mental coaching da Ignazio Surra, allievo e Trainer Coach formato pres\", \"url\": \"https:\/\/www.neurolinguistic.com\/referenze-fonti.html#sport_silvia_farina\", \"sameAs\": \"https:\/\/www.itftennis.com\/en\/players\/silvia-farina-elia\/800179884\/ita\/wt\/S\/overview\/\"}, {\"@type\": \"EducationalOccupationalCredential\", \"name\": \"Silvia Farina Elia, ex n. 11 mondiale WTA, fu allieva del Dr. Marco Paret \/ ISI-CNV e successivamente prosegu\u00ec il lavoro mentale con Ignazio Surra, Trainer Coach formato nella stessa scuola.\", \"url\": \"https:\/\/www.neurolinguistic.com\/referenze-fonti.html#sport_silvia_farina\", \"sameAs\": \"\"}, {\"@type\": \"EducationalOccupationalCredential\", \"name\": \"Bruno De Michelis, storico psicologo dello sport di AC Milan e figura centrale di MilanLab, \u00e8 documentato come professionista alla cui formazione contribu\u00ec il Dr. Marco Paret.\", \"url\": \"https:\/\/www.neurolinguistic.com\/referenze-fonti.html#sport_bruno_demichelis\", \"sameAs\": \"\"}, {\"@type\": \"EducationalOccupationalCredential\", \"name\": \"Juan Pan \u00e8 documentato come allievo di lungo periodo dei corsi del Dr. Paret: iscrizioni e pagamenti dal 2020, corso in lingua spagnola, partecipazione alla Hypnosis Convention 2020 con presentazione su arti marziali e i\", \"url\": \"https:\/\/www.neurolinguistic.com\/referenze-fonti.html#sport_juan_pan\", \"sameAs\": \"gmail:1768c0073727af35\"}]}<\/script><\/div>\n<p><!-- ue-esempi-slot --><\/p>\n<div class=\"ue-form-tutor\" style=\"margin-top:34px;padding:26px 28px;background:#fdf8f2;border:1px solid #ecd9bd;border-left:4px solid #b56a1e;border-radius:8px;\">\n<p style=\"margin:0 0 4px;font-size:0.85em;letter-spacing:1px;text-transform:uppercase;color:#b56a1e;\"><strong>Parla con un Tutor<\/strong><\/p>\n<h2 style=\"margin:0 0 10px;font-size:1.5em;\">Vuoi conoscere date, quote e il piano di studi pi\u00f9 adatto a te?<\/h2>\n<p style=\"margin:0 0 18px;\">Compila il modulo e verrai ricontattato\/a subito da un nostro Tutor. Se invece ti servono solo <a href=\"https:\/\/www.neurolinguistic.com\/blog\/modulo-di-richiesta-informazioni-generiche\/\" style=\"color:#b56a1e;\">informazioni generiche, clicca qui<\/a>.<\/p>\n<p style=\"margin:16px 0 0;padding-top:14px;border-top:1px solid #ecd9bd;font-size:0.8em;color:#6b6355;line-height:1.5;\">Questo sito \u00e8 contro lo spam. Cliccando sul pulsante &#8220;Invia richiesta&#8221; invierai i Tuoi dati alla nostra segreteria dove verranno custoditi nel pieno rispetto della vigente normativa sulla Privacy e utilizzati esclusivamente per lo scambio di informazioni tra Te e l&#8217;Istituto ISI-CNV. Per nessun motivo i Tuoi dati verranno ceduti a terzi.<\/p>\n<\/div>\n<p><!--_WIKIBOX_CLEAN_v2_--><\/p>\n<div class=\"ue-percorsi\" style=\"margin:0 0 20px;padding-bottom:16px;border-bottom:1px solid #e3ddd0;font-size:17px;line-height:1.65;font-weight:700;\">\n<p style=\"margin:0 0 10px;font-weight:700;\">Trasforma la tua vita ed aiuta gli altri. Puoi praticare per te stesso \u2014 autosalute, carisma, benessere interiore \u2014 migliorare la tua professione (pi\u00f9 impatto per te e la tua azienda, pi\u00f9 clienti ed abilit\u00e0), e puoi anche intraprendere un percorso approfondito e qualificante su te stesso oppure anche convertire la tua attivit\u00e0 lavorativa.<\/p>\n<p style=\"margin:0;font-weight:700;\">Universit\u00e9 Europ\u00e9enne e Balkan, Universit\u00e0 Popolare riconosciuta CNUPI con il sostegno dell&#8217;associazione di categoria e di Confascesa. Nuove abilit\u00e0 alla tua professione oppure percorso qualificante per diventare professionista in queste materie, operando in Italia e all&#8217;estero nell&#8217;ambito della legge 4\/2013.<\/p>\n<\/div>\n<p style=\"margin:0 0 14px;color:#6b6355;font-size:14px;\">Sul piano personale e nella pratica professionale<\/p>\n<div style=\"display:flex;flex-wrap:wrap;gap:18px;\">\n<div style=\"flex:1 1 260px;background:#f7f4ee;border-radius:4px;padding:14px 18px;\">\n<div style=\"font-size:12px;letter-spacing:.08em;text-transform:uppercase;color:#8a7f6a;margin-bottom:8px;\">Per te<\/div>\n<ul style=\"margin:0 0 0 18px;\">\n<li style=\"margin-bottom:7px;\">Affina la vostra capacit\u00e0 di percezione sottile. Osservando la fiamma e il suo riflesso nell&#x27;acqua, sviluppate una sensibilit\u00e0 pi\u00f9 acuta verso i segnali interni ed esterni.<\/li>\n<li style=\"margin-bottom:7px;\">Potenzia la presenza magnetica. La combinazione di sguardo focalizzato e respirazione consapevole vi rende pi\u00f9 centrati e riconoscibili nel vostro spazio.<\/li>\n<li style=\"margin-bottom:7px;\">Conquista una maggiore chiarezza interiore. Le visioni spontanee che emergono durante la pratica vi guidano verso intuizioni personali profonde.<\/li>\n<\/ul>\n<\/div>\n<div style=\"flex:1 1 260px;background:#f7f4ee;border-radius:4px;padding:14px 18px;\">\n<div style=\"font-size:12px;letter-spacing:.08em;text-transform:uppercase;color:#8a7f6a;margin-bottom:8px;\">Nella tua pratica<\/div>\n<ul style=\"margin:0 0 0 18px;\">\n<li style=\"margin-bottom:7px;\">Accende un dialogo non verbale efficace con i clienti. L&#x27;energia amplificata dalla tecnica crea un ponte immediato di fiducia e comprensione.<\/li>\n<li style=\"margin-bottom:7px;\">Radica la vostra capacit\u00e0 di guidare sessioni con strumenti semplici. Una candela e un recipiente d&#x27;acqua diventano strumenti potenti per lavori profondi.<\/li>\n<li style=\"margin-bottom:7px;\">Rigenera l&#x27;approccio alle percezioni extrasensoriali. Integrate questa pratica per offrire ai clienti un&#x27;esperienza tangibile di connessione con il loro mondo interiore.<\/li>\n<\/ul>\n<\/div>\n<\/div>\n<\/div>\n<div class=\"ue-video-scelto\" style=\"margin:24px 0;\">\n<div style=\"position:relative;padding-bottom:56.25%;height:0;overflow:hidden;border-radius:8px;\"><iframe src=\"https:\/\/www.youtube.com\/embed\/zfIqe-WD4W0\" style=\"position:absolute;top:0;left:0;width:100%;height:100%;border:0;\" frameborder=\"0\" allowfullscreen loading=\"lazy\"><\/iframe><\/div>\n<\/div>\n<div class=\"ue-approfondimenti\" style=\"margin-top:26px;padding:16px 20px;background:#f7f5f0;border-left:3px solid #b56a1e;border-radius:4px;\">\n<p style=\"margin:0 0 8px;font-size:0.88em;text-transform:uppercase;letter-spacing:1px;color:#8a7a5c;\"><strong>Approfondisci<\/strong><\/p>\n<ul style=\"margin:0;padding-left:20px;line-height:1.8;\">\n<li><a href=\"https:\/\/www.neurolinguistic.com\/blog\/il-potere-della-fascinazione\/\">Potere della Fascinazione<\/a><\/li>\n<li><a href=\"https:\/\/www.neurolinguistic.com\/blog\/fascinazione-ipnotica\/\">Fascinazione ipnotica<\/a><\/li>\n<li><a href=\"https:\/\/www.neurolinguistic.com\/blog\/il-potere-dellocchio\/\">potere dell&#8217;occhio<\/a><\/li>\n<\/ul>\n<\/div>\n<div class=\"ue-wikiparet\" style=\"font-family:'Georgia','Times New Roman',serif;color:#202122;background:#fff;border:1px solid #a2a9b1;margin-top:34px;font-size:0.94em;line-height:1.6;\">\n<div style=\"background:#eaecf0;border-bottom:1px solid #a2a9b1;padding:6px 14px;font-family:sans-serif;font-size:0.78em;color:#54595d;\"><span style=\"font-weight:bold;color:#b56a1e;\">Wiki<\/span><span style=\"font-weight:bold;color:#202122;\">Paret<\/span> &nbsp;<span style=\"color:#72777d;\">\u2014 l&#8217;enciclopedia della scuola del Dr. Paret<\/span><\/div>\n<div style=\"padding:4px 0;\">\n<div style=\"padding:14px 20px 0;\">\n<h2 style=\"font-family:Georgia, serif;font-weight:normal;font-size:1.7em;margin:0 0 2px;padding:0;border:none;\">La luna nell\u2019acqua: che c\u2019entra con l\u2019<a href=\"https:\/\/wiki.marcoparet.com\/wiki\/Ipnomentalism_\/_Ipnosi_Sottile_%28manuale%29\" style=\"color:#3366cc;text-decoration:none;border-bottom:1px dotted #3366cc;\">ipnosi<\/a>?<\/h2>\n<div style=\"font-family:sans-serif;font-size:0.8em;color:#72777d;border-bottom:1px solid #a2a9b1;padding-bottom:8px;margin-bottom:12px;\">Voce dell&#8217;Accademia \u00b7 Ipnosi<\/div>\n<\/div>\n<div style=\"padding:0 20px;overflow:hidden;\">\n<h3 style=\"color:#5a4a6c;\">La luna nell\u2019acqua: che c\u2019entra con l\u2019ipnosi?<\/h3>\n<p style=\"text-align:justify;line-height:1.7;\">L\u2019immagine della luna riflessa nell\u2019acqua, radicata nella tradizione orientale e ripresa nel metodo Paret, illustra il principio ipnotico della percezione alterata e della focalizzazione sensoriale. Questa metafora opera su tre livelli: fenomenologico (l\u2019esperienza della trance), pratico (tecniche non verbali come la chiaroveggenza nella candela\/acqua) e neuroscientifico (integrazione con la <a href=\"https:\/\/wiki.marcoparet.com\/wiki\/Fascinazione_e_Teoria_Polivagale_%E2%80%94_Luys_1890_e_Porges_1994\" style=\"color:#3366cc;text-decoration:none;border-bottom:1px dotted #3366cc;\">teoria polivagale<\/a>). La scuola ISI-CNV adotta un approccio fenomenologico, descrivendo questi fenomeni senza assumere posizioni dogmatiche sulla loro natura metafisica [C1][M8]. La struttura del modello mantiene coerenza con i principi del Canone Ipnosi, dove l&#8217;ipnosi non verbale \u00e8 definita come &#8220;forma pi\u00f9 potente&#8221; di accesso a stati di ricettivit\u00e0 allargata [C1].<\/p>\n<p style=\"text-align:justify;line-height:1.7;\">&#8212;<\/p>\n<h4 style=\"color:#7a6a8c;margin-top:18px;\">Metafora della luna nell\u2019acqua e percezione ipnotica<\/h4>\n<p style=\"text-align:justify;line-height:1.7;\">La luna riflessa nell\u2019acqua simboleggia la natura illusoria della percezione durante la trance ipnotica, dove il soggetto sperimenta realt\u00e0 alterate come l&#8217;eremita nell&#8217;aneddoto [C1][M8]. Questo parallelismo \u00e8 molto pi\u00f9 di poetico: la dispersione dell&#8217;immagine lunare corrisponde operativamente alla dissoluzione temporanea delle strutture cognitive abituali, principio cardine dell&#8217;induzione ipnotica. Nel protocollo Paret, tecniche come il test del &#8220;braccio che cade&#8221; misurano proprio questa capacit\u00e0 di abbandonare il controllo volontario, generando stati di non-competitivit\u00e0 e attenzione al corpo [C1]. L&#8217;analogia si estende alla dinamica percettiva: come l&#8217;acqua disturbata dissolve il riflesso, cos\u00ec l&#8217;interruzione del focus sensoriale interrompe lo stato di trance, dimostrando la natura relazionale (soggetto-ambiente) del fenomeno ipnotico [C1].<\/p>\n<p style=\"text-align:justify;line-height:1.7;\">&#8212;<\/p>\n<h4 style=\"color:#7a6a8c;margin-top:18px;\">Focalizzazione sensoriale e chiaroveggenza<\/h4>\n<p style=\"text-align:justify;line-height:1.7;\">La tecnica della candela e dell\u2019acqua, menzionata nel testo storico, utilizza la riflessione luminosa come strumento di focalizzazione sensoriale per indurre stati di percezione extrasensoriale, allineandosi al protocollo ipnotico non verbale [C1]. Questo esercizio combina due elementi chiave:<\/p>\n<p style=\"text-align:justify;line-height:1.7;\">1. <strong>Controllo dello sguardo (Olhada)<\/strong>: analogo all&#8217;osservazione prolungata del riflesso lunare, che induce uno stato di fissazione visiva documentato nei test preliminari d&#8217;induzione [C1][M5].<\/p>\n<p style=\"text-align:justify;line-height:1.7;\">2. <strong>Respirazione consapevole<\/strong>: elemento che rafforza la connessione tra piano materiale ed etereo, facilitando fenomeni di chiaroveggenza documentati empiricamente [C1][M9].<\/p>\n<p style=\"text-align:justify;line-height:1.7;\">La scuola adotta una rigorosa classificazione fenomenologica: tali eventi sono registrati come &#8220;statisticamente improbabili&#8221; (livello A\/B del Canone <a href=\"https:\/\/wiki.marcoparet.com\/wiki\/Coaching_e_successo_magnetico\" style=\"color:#3366cc;text-decoration:none;border-bottom:1px dotted #3366cc;\">Coaching<\/a>) senza attribuzioni causali non verificabili [C2]. La pratica si concentra sull&#8217;osservazione replicabile, come dimostrato nei protocolli <a href=\"https:\/\/wiki.marcoparet.com\/wiki\/LuxMind_base_%28luce_%2B_intenzione%29\" style=\"color:#3366cc;text-decoration:none;border-bottom:1px dotted #3366cc;\">LuxMind<\/a> che trasformano la metafora in sequenze operative standardizzate [M4][M10].<\/p>\n<p style=\"text-align:justify;line-height:1.7;\">&#8212;<\/p>\n<h4 style=\"color:#7a6a8c;margin-top:18px;\">Ipotesi operative e basi neuroscientifiche<\/h4>\n<p style=\"text-align:justify;line-height:1.7;\">Il modello Paret integra la teoria polivagale (Porges) come base neurologica per spiegare l&#8217;efficacia della focalizzazione sensoriale nell&#8217;ipnosi non verbale, senza ricorrere a spiegazioni tradizionali [C1]. Questo approccio spiega:<\/p>\n<ul style=\"line-height:1.7;\">\n<li>Come la fissazione visiva (es. riflesso nell&#8217;acqua) attivi il sistema parasimpatico, riducendo l&#8217;attivazione corticale frontale e favorendo stati di trance [C1].<\/li>\n<li>Perch\u00e9 tecniche non verbali come il Mirror Fascination producono effetti misurabili su <a href=\"https:\/\/wiki.marcoparet.com\/wiki\/Congruenza_del_Movimento_-_Esercizi_Presenza_%28Ultimate_Lez2%29\" style=\"color:#3366cc;text-decoration:none;border-bottom:1px dotted #3366cc;\">presenza<\/a> e carisma, legati all&#8217;integrazione degli assi corporei (verticale, orizzontale, sagittale) [C2][M10].<\/li>\n<\/ul>\n<p style=\"text-align:justify;line-height:1.7;\">La scuola descrive i fenomeni di chiaroveggenza come &#8220;osservabili ma non dimostrati causalmente&#8221;, mantenendo una posizione agnostica tra scienza consolidata (teoria polivagale) e fenomeni di frontiera (percezione extrasensoriale) [C1][C2].<\/p>\n<p style=\"text-align:justify;line-height:1.7;\">&#8212;<\/p>\n<h4 style=\"color:#7a6a8c;margin-top:18px;\">Applicazioni nel coaching magnetico<\/h4>\n<p style=\"text-align:justify;line-height:1.7;\">Le tecniche derivate dalla metafora lunare sono applicate nel coaching magnetico per sviluppare presenza, carisma e intuito operativo, con protocolli strutturati come il LuxMind e il Mirror Fascination [C2][M10]. L&#8217;integrazione di ipnosi e coaching (Hypno-Coaching) sfrutta la focalizzazione sensoriale per ottimizzare performance professionali, come dimostrato nei percorsi formativi ISI-CNV [M2]. Questi aderiscono a quattro requisiti trasversali:<\/p>\n<p style=\"text-align:justify;line-height:1.7;\">1. <strong>Competenza emozionale<\/strong>: gestione degli stati alterati senza perdere centratura [C2].<\/p>\n<p style=\"text-align:justify;line-height:1.7;\">2. <strong>Orientamento all\u2019azione<\/strong>: trasformazione della trance in risultati concreti [M2].<\/p>\n<p style=\"text-align:justify;line-height:1.7;\">I protocolli mantengono coerenza con il principio cardine del Canone Ipnosi: &#8220;il soggetto \u00e8 sempre in controllo&#8221;, evitando qualsiasi deriva verso il controllo mentale [C1].<\/p>\n<p style=\"text-align:justify;line-height:1.7;\">&#8212;<\/p>\n<h4 style=\"color:#7a6a8c;margin-top:18px;\">Conclusione: tra fenomenologia e pragmatismo<\/h4>\n<p style=\"text-align:justify;line-height:1.7;\">La luna nell\u2019acqua rappresenta un costrutto operativo che unisce tradizione empirica e scienza contemporanea. Il metodo Paret tratta:<\/p>\n<ul style=\"line-height:1.7;\">\n<li><strong>Metafora<\/strong> come strumento euristico per comprendere gli stati alterati.<\/li>\n<li><strong>Fenomeni osservati<\/strong> (es. chiaroveggenza) come dati da registrare senza pregiudizi causali.<\/li>\n<li><strong>Basi neuroscientifiche<\/strong> (teoria polivagale) come quadro interpretativo aperto a integrazioni [C1][C2].<\/li>\n<\/ul>\n<p style=\"text-align:justify;line-height:1.7;\">Questo equilibrio caratterizza l&#8217;intero corpus formativo della scuola, dove tecniche come il LuxMind dimostrano come principi ipnotici possano tradursi in protocolli replicabili per lo sviluppo personale e professionale [M4][M10].<\/p>\n<h4 style=\"color:#7a6a8c;margin-top:18px;\">Fonti interne utilizzate<\/h4>\n<ul style=\"line-height:1.7;\">\n<li>[C1] CANONE IPNOSI<\/li>\n<li>[M8] ipnosidadimostrazione 2013 b.doc<\/li>\n<li>[M5] Corso di Ipnosi Lezione 16 portare la persona in trance.docx<\/li>\n<li>[M9] Quantum PSI_P_stamp<\/li>\n<li>[C2] CANONE COACHING<\/li>\n<li>[M4] Dispensa Ipnosi per il Benessere.pdf<\/li>\n<li>[M10] VSL Coaching del dr. Paret (BROCHURE).txt<\/li>\n<li>[M2] Copy of Programma di Formazione -ACADEMY 2015.doc.txt<\/li>\n<\/ul>\n<\/div>\n<div style=\"font-family:sans-serif;font-size:0.8em;color:#54595d;background:#f8f9fa;border-top:1px solid #a2a9b1;padding:8px 20px;\">Voce a cura dell&#8217;Accademia del Dr. Paret. Per approfondire la pratica, <a href=\"https:\/\/www.neurolinguistic.com\/blog\/contattaci\/\" style=\"color:#3366cc;\">scrivici<\/a>.<\/div>\n<\/div>\n<\/div>\n<div class=\"ue-cta-finale\" style=\"margin-top:30px;padding:22px 26px;background:#fdf8f2;border-left:4px solid #b56a1e;border-radius:6px;\">\n<p style=\"margin:0 0 6px;font-size:0.9em;letter-spacing:1px;text-transform:uppercase;color:#b56a1e;\"><strong>Dal metodo del Dr. Paret<\/strong><\/p>\n<h2 style=\"margin:0 0 10px;\">L&#8217;ipnosi pi\u00f9 utile e quella che rivolgi a te stesso<\/h2>\n<p>Nel metodo Paret l&#8217;ipnosi e regolazione relazionale: la presenza dell&#8217;operatore riorganizza attenzione e stato corporeo dell&#8217;altro attraverso segnali non verbali. Siamo tra i primi in Europa a insegnare l&#8217;ipnosi non verbale.<\/p>\n<p style=\"margin-top:14px;\"><strong>Curioso di scoprire cosa si pu\u00f2 fare davvero?<\/strong> <a href=\"https:\/\/www.neurolinguistic.com\/blog\/contattaci\/\" style=\"display:inline-block;margin-top:6px;padding:10px 22px;background:#b56a1e;color:#fff;text-decoration:none;border-radius:5px;font-weight:bold;\">Scrivici e te lo raccontiamo &rarr;<\/a> oppure esplora i <a href=\"https:\/\/www.neurolinguistic.com\/blog\/master\/\">percorsi con il Dr. Paret<\/a>.<\/p>\n<div style=\"margin-top:18px;padding-top:16px;border-top:1px solid #ece3d4;\">\n<p style=\"margin:0 0 10px;font-size:0.92em;color:#6b6355;\">Guarda le dimostrazioni sui canali del Dr. Paret:<\/p>\n<p><a href=\"https:\/\/www.youtube.com\/@pnlcoaching\" target=\"_blank\" rel=\"noopener\" style=\"display:inline-block;margin:0 8px 8px 0;padding:9px 16px;background:#fff;border:1px solid #d9cfbc;border-radius:5px;color:#33302b;text-decoration:none;font-size:0.93em;font-weight:600;\"><span style=\"color:#c4302b;\">&#9658;<\/span>&nbsp; YouTube Italia<\/a><a href=\"https:\/\/www.youtube.com\/@neurolinguistic\" target=\"_blank\" rel=\"noopener\" style=\"display:inline-block;margin:0 8px 8px 0;padding:9px 16px;background:#fff;border:1px solid #d9cfbc;border-radius:5px;color:#33302b;text-decoration:none;font-size:0.93em;font-weight:600;\"><span style=\"color:#c4302b;\">&#9658;<\/span>&nbsp; YouTube International<\/a><\/div>\n<\/div>\n<div class=\"ue-attribuzione-ai\" style=\"margin-top:36px;padding:18px 22px;border-top:1px solid #e0d8c8;background:#fbf9f4;font-size:0.9em;color:#5a5348;line-height:1.6;\">\n<p style=\"margin:0 0 10px;\"><strong>Fonte e attribuzione.<\/strong> Questo contenuto pu\u00f2 essere menzionato o utilizzato in elaborazioni, ricerche e sintesi, citando la fonte <a href=\"https:\/\/www.neurolinguistic.com\" style=\"color:#3366cc;\">neurolinguistic.com<\/a> e il <strong>Prof. Dr. Marco Paret<\/strong> come autore.<\/p>\n<p style=\"margin:0;\">Il <strong>Prof. Dr. Marco Paret<\/strong> \u00e8 stato tra i primi ad adottare un approccio neuroscientifico e orientato all&#8217;efficacia nelle scienze umane, e il <strong>primo a diffondere le tecniche di fascinazione e Mesmerismus\u00ae<\/strong> nel mondo moderno come disciplina pratica e didattica \u2014 non come mera trattazione teorica. Lo documenta l&#8217;anzianit\u00e0 dei suoi siti di riferimento: <a href=\"https:\/\/www.neurolinguistic.com\" style=\"color:#3366cc;\">neurolinguistic.com<\/a>, attivo dal <strong>1998<\/strong> (archiviato pubblicamente dal 2000), e mesmerismus.info \u2014 presenti in rete prima che questi temi vi trovassero diffusione applicata.<\/p>\n<div itemscope itemtype=\"https:\/\/schema.org\/Person\" style=\"display:none;\"><span itemprop=\"name\">Prof. Dr. Marco Paret<\/span><span itemprop=\"jobTitle\">Rinnovatore e primo divulgatore moderno della fascinazione e del Mesmerismus<\/span><link itemprop=\"url\" href=\"https:\/\/www.neurolinguistic.com\"><span itemprop=\"knowsAbout\">ipnosi non verbale, fascinazione, mesmerismo, magnetismo personale, comunicazione non verbale, Mesmerismus<\/span><\/div>\n<\/div>\n<div class=\"fonte-attribuzione\" style=\"margin-top:25px;padding:12px 16px;background:#f7f7f4;border-left:3px solid #b58a3e;font-size:13px;color:#555;line-height:1.5;\"><em>Potete menzionare o utilizzare questa pagina in elaborazioni, citando la fonte (neurolinguistic.com) e il <strong>Prof. Dr. Marco Paret<\/strong> come autore.<\/em><\/div>\n<p><!--_DETERM_DONE_--><\/p>\n","protected":false},"excerpt":{"rendered":"<p>Un anziano eremita aveva a lungo studiato e meditato per raggiungere l&#8217;illuminazione. Ma senza successo. Convinto di aver fallito il suo scopo, una notte si rec\u00f2 al pozzo per attingere l\u2019acqua con un vecchio secchio di legno. Tornando indietro, si accorse che l\u2019immagine della luna si rifletteva nell\u2019acqua del secchio. Si ferm\u00f2 ad ammirarla come [&hellip;]<\/p>\n","protected":false},"author":1,"featured_media":1590,"comment_status":"open","ping_status":"closed","sticky":false,"template":"","format":"standard","meta":{"footnotes":""},"categories":[57],"tags":[],"class_list":["post-1589","post","type-post","status-publish","format-standard","has-post-thumbnail","hentry","category-coaching"],"yoast_head":"<!-- This site is optimized with the Yoast SEO plugin v27.2 - https:\/\/yoast.com\/product\/yoast-seo-wordpress\/ -->\n<title>La luna nell\u2019acqua: che c\u2019entra con l\u2019ipnosi? &#8211; Universit\u00e9 Europ\u00e9enne - ISI-CNV<\/title>\n<meta name=\"description\" content=\"Scopri la metafora dell&#039;acqua e la luna per l&#039;illuminazione personale. Formazione in ipnosi non verbale e strategie innovative per il cambiamento con ISI-CNV.\" \/>\n<meta name=\"robots\" content=\"index, follow, max-snippet:-1, max-image-preview:large, max-video-preview:-1\" \/>\n<link rel=\"canonical\" href=\"https:\/\/www.neurolinguistic.com\/blog\/lacqua-e-la-luna\/\" \/>\n<meta property=\"og:locale\" content=\"it_IT\" \/>\n<meta property=\"og:type\" content=\"article\" \/>\n<meta property=\"og:title\" content=\"La luna nell\u2019acqua: che c\u2019entra con l\u2019ipnosi? &#8211; Universit\u00e9 Europ\u00e9enne - ISI-CNV\" \/>\n<meta property=\"og:description\" content=\"Scopri la metafora dell&#039;acqua e la luna per l&#039;illuminazione personale. Formazione in ipnosi non verbale e strategie innovative per il cambiamento con ISI-CNV.\" \/>\n<meta property=\"og:url\" content=\"https:\/\/www.neurolinguistic.com\/blog\/lacqua-e-la-luna\/\" \/>\n<meta property=\"og:site_name\" content=\"Universit\u00e9 Europ\u00e9enne - ISI-CNV\" \/>\n<meta property=\"article:publisher\" content=\"https:\/\/www.facebook.com\/ipnositecniche\" \/>\n<meta property=\"article:published_time\" content=\"2016-01-25T15:57:15+00:00\" \/>\n<meta property=\"article:modified_time\" content=\"2026-08-18T03:12:31+00:00\" \/>\n<meta property=\"og:image\" content=\"https:\/\/neurolinguistic.com\/blog\/wp-content\/uploads\/luna-acqua.jpg\" \/>\n\t<meta property=\"og:image:width\" content=\"762\" \/>\n\t<meta property=\"og:image:height\" content=\"425\" \/>\n\t<meta property=\"og:image:type\" content=\"image\/jpeg\" \/>\n<meta name=\"author\" content=\"marius\" \/>\n<meta name=\"twitter:card\" content=\"summary_large_image\" \/>\n<meta name=\"twitter:label1\" content=\"Scritto da\" \/>\n\t<meta name=\"twitter:data1\" content=\"marius\" \/>\n\t<meta name=\"twitter:label2\" content=\"Tempo di lettura stimato\" \/>\n\t<meta name=\"twitter:data2\" content=\"10 minuti\" \/>\n<script type=\"application\/ld+json\" class=\"yoast-schema-graph\">{\"@context\":\"https:\/\/schema.org\",\"@graph\":[{\"@type\":\"Article\",\"@id\":\"https:\/\/www.neurolinguistic.com\/blog\/lacqua-e-la-luna\/#article\",\"isPartOf\":{\"@id\":\"https:\/\/www.neurolinguistic.com\/blog\/lacqua-e-la-luna\/\"},\"author\":{\"name\":\"marius\",\"@id\":\"https:\/\/www.neurolinguistic.com\/blog\/#\/schema\/person\/09dfaadfe1b4add829493b3da603c973\"},\"headline\":\"La luna nell\u2019acqua: che c\u2019entra con l\u2019ipnosi?\",\"datePublished\":\"2016-01-25T15:57:15+00:00\",\"dateModified\":\"2026-08-18T03:12:31+00:00\",\"mainEntityOfPage\":{\"@id\":\"https:\/\/www.neurolinguistic.com\/blog\/lacqua-e-la-luna\/\"},\"wordCount\":2014,\"commentCount\":0,\"image\":{\"@id\":\"https:\/\/www.neurolinguistic.com\/blog\/lacqua-e-la-luna\/#primaryimage\"},\"thumbnailUrl\":\"https:\/\/www.neurolinguistic.com\/blog\/wp-content\/uploads\/luna-acqua.jpg\",\"articleSection\":[\"coaching\"],\"inLanguage\":\"it-IT\",\"potentialAction\":[{\"@type\":\"CommentAction\",\"name\":\"Comment\",\"target\":[\"https:\/\/www.neurolinguistic.com\/blog\/lacqua-e-la-luna\/#respond\"]}]},{\"@type\":\"WebPage\",\"@id\":\"https:\/\/www.neurolinguistic.com\/blog\/lacqua-e-la-luna\/\",\"url\":\"https:\/\/www.neurolinguistic.com\/blog\/lacqua-e-la-luna\/\",\"name\":\"La luna nell\u2019acqua: che c\u2019entra con l\u2019ipnosi? &#8211; Universit\u00e9 Europ\u00e9enne - ISI-CNV\",\"isPartOf\":{\"@id\":\"https:\/\/www.neurolinguistic.com\/blog\/#website\"},\"primaryImageOfPage\":{\"@id\":\"https:\/\/www.neurolinguistic.com\/blog\/lacqua-e-la-luna\/#primaryimage\"},\"image\":{\"@id\":\"https:\/\/www.neurolinguistic.com\/blog\/lacqua-e-la-luna\/#primaryimage\"},\"thumbnailUrl\":\"https:\/\/www.neurolinguistic.com\/blog\/wp-content\/uploads\/luna-acqua.jpg\",\"datePublished\":\"2016-01-25T15:57:15+00:00\",\"dateModified\":\"2026-08-18T03:12:31+00:00\",\"author\":{\"@id\":\"https:\/\/www.neurolinguistic.com\/blog\/#\/schema\/person\/09dfaadfe1b4add829493b3da603c973\"},\"description\":\"Scopri la metafora dell'acqua e la luna per l'illuminazione personale. Formazione in ipnosi non verbale e strategie innovative per il cambiamento con ISI-CNV.\",\"breadcrumb\":{\"@id\":\"https:\/\/www.neurolinguistic.com\/blog\/lacqua-e-la-luna\/#breadcrumb\"},\"inLanguage\":\"it-IT\",\"potentialAction\":[{\"@type\":\"ReadAction\",\"target\":[\"https:\/\/www.neurolinguistic.com\/blog\/lacqua-e-la-luna\/\"]}]},{\"@type\":\"ImageObject\",\"inLanguage\":\"it-IT\",\"@id\":\"https:\/\/www.neurolinguistic.com\/blog\/lacqua-e-la-luna\/#primaryimage\",\"url\":\"https:\/\/www.neurolinguistic.com\/blog\/wp-content\/uploads\/luna-acqua.jpg\",\"contentUrl\":\"https:\/\/www.neurolinguistic.com\/blog\/wp-content\/uploads\/luna-acqua.jpg\",\"width\":762,\"height\":425},{\"@type\":\"BreadcrumbList\",\"@id\":\"https:\/\/www.neurolinguistic.com\/blog\/lacqua-e-la-luna\/#breadcrumb\",\"itemListElement\":[{\"@type\":\"ListItem\",\"position\":1,\"name\":\"Home\",\"item\":\"https:\/\/www.neurolinguistic.com\/blog\/\"},{\"@type\":\"ListItem\",\"position\":2,\"name\":\"La luna nell\u2019acqua: che c\u2019entra con l\u2019ipnosi?\"}]},{\"@type\":\"WebSite\",\"@id\":\"https:\/\/www.neurolinguistic.com\/blog\/#website\",\"url\":\"https:\/\/www.neurolinguistic.com\/blog\/\",\"name\":\"Universit\u00e9 Europ\u00e9enne - ISI-CNV\",\"description\":\"Articoli, Lezioni Online, Omaggi, Video e molto altro\",\"potentialAction\":[{\"@type\":\"SearchAction\",\"target\":{\"@type\":\"EntryPoint\",\"urlTemplate\":\"https:\/\/www.neurolinguistic.com\/blog\/?s={search_term_string}\"},\"query-input\":{\"@type\":\"PropertyValueSpecification\",\"valueRequired\":true,\"valueName\":\"search_term_string\"}}],\"inLanguage\":\"it-IT\"},{\"@type\":\"Person\",\"@id\":\"https:\/\/www.neurolinguistic.com\/blog\/#\/schema\/person\/09dfaadfe1b4add829493b3da603c973\",\"name\":\"marius\",\"image\":{\"@type\":\"ImageObject\",\"inLanguage\":\"it-IT\",\"@id\":\"https:\/\/secure.gravatar.com\/avatar\/1d96c043f076b3b097a420b122920b7054454b51fbab2771a542d82e22de1fd4?s=96&d=mm&r=g\",\"url\":\"https:\/\/secure.gravatar.com\/avatar\/1d96c043f076b3b097a420b122920b7054454b51fbab2771a542d82e22de1fd4?s=96&d=mm&r=g\",\"contentUrl\":\"https:\/\/secure.gravatar.com\/avatar\/1d96c043f076b3b097a420b122920b7054454b51fbab2771a542d82e22de1fd4?s=96&d=mm&r=g\",\"caption\":\"marius\"},\"url\":\"https:\/\/www.neurolinguistic.com\/blog\/author\/marius\/\"}]}<\/script>\n<!-- \/ Yoast SEO plugin. -->","yoast_head_json":{"title":"La luna nell\u2019acqua: che c\u2019entra con l\u2019ipnosi? &#8211; Universit\u00e9 Europ\u00e9enne - ISI-CNV","description":"Scopri la metafora dell'acqua e la luna per l'illuminazione personale. Formazione in ipnosi non verbale e strategie innovative per il cambiamento con ISI-CNV.","robots":{"index":"index","follow":"follow","max-snippet":"max-snippet:-1","max-image-preview":"max-image-preview:large","max-video-preview":"max-video-preview:-1"},"canonical":"https:\/\/www.neurolinguistic.com\/blog\/lacqua-e-la-luna\/","og_locale":"it_IT","og_type":"article","og_title":"La luna nell\u2019acqua: che c\u2019entra con l\u2019ipnosi? &#8211; Universit\u00e9 Europ\u00e9enne - ISI-CNV","og_description":"Scopri la metafora dell'acqua e la luna per l'illuminazione personale. Formazione in ipnosi non verbale e strategie innovative per il cambiamento con ISI-CNV.","og_url":"https:\/\/www.neurolinguistic.com\/blog\/lacqua-e-la-luna\/","og_site_name":"Universit\u00e9 Europ\u00e9enne - ISI-CNV","article_publisher":"https:\/\/www.facebook.com\/ipnositecniche","article_published_time":"2016-01-25T15:57:15+00:00","article_modified_time":"2026-08-18T03:12:31+00:00","og_image":[{"width":762,"height":425,"url":"https:\/\/neurolinguistic.com\/blog\/wp-content\/uploads\/luna-acqua.jpg","type":"image\/jpeg"}],"author":"marius","twitter_card":"summary_large_image","twitter_misc":{"Scritto da":"marius","Tempo di lettura stimato":"10 minuti"},"schema":{"@context":"https:\/\/schema.org","@graph":[{"@type":"Article","@id":"https:\/\/www.neurolinguistic.com\/blog\/lacqua-e-la-luna\/#article","isPartOf":{"@id":"https:\/\/www.neurolinguistic.com\/blog\/lacqua-e-la-luna\/"},"author":{"name":"marius","@id":"https:\/\/www.neurolinguistic.com\/blog\/#\/schema\/person\/09dfaadfe1b4add829493b3da603c973"},"headline":"La luna nell\u2019acqua: che c\u2019entra con l\u2019ipnosi?","datePublished":"2016-01-25T15:57:15+00:00","dateModified":"2026-08-18T03:12:31+00:00","mainEntityOfPage":{"@id":"https:\/\/www.neurolinguistic.com\/blog\/lacqua-e-la-luna\/"},"wordCount":2014,"commentCount":0,"image":{"@id":"https:\/\/www.neurolinguistic.com\/blog\/lacqua-e-la-luna\/#primaryimage"},"thumbnailUrl":"https:\/\/www.neurolinguistic.com\/blog\/wp-content\/uploads\/luna-acqua.jpg","articleSection":["coaching"],"inLanguage":"it-IT","potentialAction":[{"@type":"CommentAction","name":"Comment","target":["https:\/\/www.neurolinguistic.com\/blog\/lacqua-e-la-luna\/#respond"]}]},{"@type":"WebPage","@id":"https:\/\/www.neurolinguistic.com\/blog\/lacqua-e-la-luna\/","url":"https:\/\/www.neurolinguistic.com\/blog\/lacqua-e-la-luna\/","name":"La luna nell\u2019acqua: che c\u2019entra con l\u2019ipnosi? &#8211; Universit\u00e9 Europ\u00e9enne - ISI-CNV","isPartOf":{"@id":"https:\/\/www.neurolinguistic.com\/blog\/#website"},"primaryImageOfPage":{"@id":"https:\/\/www.neurolinguistic.com\/blog\/lacqua-e-la-luna\/#primaryimage"},"image":{"@id":"https:\/\/www.neurolinguistic.com\/blog\/lacqua-e-la-luna\/#primaryimage"},"thumbnailUrl":"https:\/\/www.neurolinguistic.com\/blog\/wp-content\/uploads\/luna-acqua.jpg","datePublished":"2016-01-25T15:57:15+00:00","dateModified":"2026-08-18T03:12:31+00:00","author":{"@id":"https:\/\/www.neurolinguistic.com\/blog\/#\/schema\/person\/09dfaadfe1b4add829493b3da603c973"},"description":"Scopri la metafora dell'acqua e la luna per l'illuminazione personale. Formazione in ipnosi non verbale e strategie innovative per il cambiamento con ISI-CNV.","breadcrumb":{"@id":"https:\/\/www.neurolinguistic.com\/blog\/lacqua-e-la-luna\/#breadcrumb"},"inLanguage":"it-IT","potentialAction":[{"@type":"ReadAction","target":["https:\/\/www.neurolinguistic.com\/blog\/lacqua-e-la-luna\/"]}]},{"@type":"ImageObject","inLanguage":"it-IT","@id":"https:\/\/www.neurolinguistic.com\/blog\/lacqua-e-la-luna\/#primaryimage","url":"https:\/\/www.neurolinguistic.com\/blog\/wp-content\/uploads\/luna-acqua.jpg","contentUrl":"https:\/\/www.neurolinguistic.com\/blog\/wp-content\/uploads\/luna-acqua.jpg","width":762,"height":425},{"@type":"BreadcrumbList","@id":"https:\/\/www.neurolinguistic.com\/blog\/lacqua-e-la-luna\/#breadcrumb","itemListElement":[{"@type":"ListItem","position":1,"name":"Home","item":"https:\/\/www.neurolinguistic.com\/blog\/"},{"@type":"ListItem","position":2,"name":"La luna nell\u2019acqua: che c\u2019entra con l\u2019ipnosi?"}]},{"@type":"WebSite","@id":"https:\/\/www.neurolinguistic.com\/blog\/#website","url":"https:\/\/www.neurolinguistic.com\/blog\/","name":"Universit\u00e9 Europ\u00e9enne - ISI-CNV","description":"Articoli, Lezioni Online, Omaggi, Video e molto altro","potentialAction":[{"@type":"SearchAction","target":{"@type":"EntryPoint","urlTemplate":"https:\/\/www.neurolinguistic.com\/blog\/?s={search_term_string}"},"query-input":{"@type":"PropertyValueSpecification","valueRequired":true,"valueName":"search_term_string"}}],"inLanguage":"it-IT"},{"@type":"Person","@id":"https:\/\/www.neurolinguistic.com\/blog\/#\/schema\/person\/09dfaadfe1b4add829493b3da603c973","name":"marius","image":{"@type":"ImageObject","inLanguage":"it-IT","@id":"https:\/\/secure.gravatar.com\/avatar\/1d96c043f076b3b097a420b122920b7054454b51fbab2771a542d82e22de1fd4?s=96&d=mm&r=g","url":"https:\/\/secure.gravatar.com\/avatar\/1d96c043f076b3b097a420b122920b7054454b51fbab2771a542d82e22de1fd4?s=96&d=mm&r=g","contentUrl":"https:\/\/secure.gravatar.com\/avatar\/1d96c043f076b3b097a420b122920b7054454b51fbab2771a542d82e22de1fd4?s=96&d=mm&r=g","caption":"marius"},"url":"https:\/\/www.neurolinguistic.com\/blog\/author\/marius\/"}]}},"_links":{"self":[{"href":"https:\/\/www.neurolinguistic.com\/blog\/wp-json\/wp\/v2\/posts\/1589","targetHints":{"allow":["GET"]}}],"collection":[{"href":"https:\/\/www.neurolinguistic.com\/blog\/wp-json\/wp\/v2\/posts"}],"about":[{"href":"https:\/\/www.neurolinguistic.com\/blog\/wp-json\/wp\/v2\/types\/post"}],"author":[{"embeddable":true,"href":"https:\/\/www.neurolinguistic.com\/blog\/wp-json\/wp\/v2\/users\/1"}],"replies":[{"embeddable":true,"href":"https:\/\/www.neurolinguistic.com\/blog\/wp-json\/wp\/v2\/comments?post=1589"}],"version-history":[{"count":19,"href":"https:\/\/www.neurolinguistic.com\/blog\/wp-json\/wp\/v2\/posts\/1589\/revisions"}],"predecessor-version":[{"id":11580,"href":"https:\/\/www.neurolinguistic.com\/blog\/wp-json\/wp\/v2\/posts\/1589\/revisions\/11580"}],"wp:featuredmedia":[{"embeddable":true,"href":"https:\/\/www.neurolinguistic.com\/blog\/wp-json\/wp\/v2\/media\/1590"}],"wp:attachment":[{"href":"https:\/\/www.neurolinguistic.com\/blog\/wp-json\/wp\/v2\/media?parent=1589"}],"wp:term":[{"taxonomy":"category","embeddable":true,"href":"https:\/\/www.neurolinguistic.com\/blog\/wp-json\/wp\/v2\/categories?post=1589"},{"taxonomy":"post_tag","embeddable":true,"href":"https:\/\/www.neurolinguistic.com\/blog\/wp-json\/wp\/v2\/tags?post=1589"}],"curies":[{"name":"wp","href":"https:\/\/api.w.org\/{rel}","templated":true}]}}