{"id":1117,"date":"2014-05-20T19:30:10","date_gmt":"2014-05-20T19:30:10","guid":{"rendered":"http:\/\/www.neurolinguistic.com\/blog\/?p=1117"},"modified":"2014-05-20T19:53:06","modified_gmt":"2014-05-20T19:53:06","slug":"guida-pratica-alla-pnl-come-capire-i-canali-sensoriali","status":"publish","type":"post","link":"https:\/\/www.neurolinguistic.com\/blog\/guida-pratica-alla-pnl-come-capire-i-canali-sensoriali\/","title":{"rendered":"Guida pratica alla PNL &#8211; Come capire i canali sensoriali"},"content":{"rendered":"<p style=\"text-align: justify;\">In questo articolo una video lezione su come capire i tipi della PNL in base ai canali sensoriali: visivo, auditivo o cenestesico. Riuscire a identificare il modo in cui una persona rappresenta la realt\u00e0 all&#8217;interno della propria mente, \u00e8 molto importante per creare sintonia, per avere la sua attenzione e, perch\u00e8 no, per farla anche innamorare. Anche se il video \u00e8 molto dettagliato, \u00e8 bene ricordare che nulla pu\u00f2 sostituire l&#8217;esperienza pratica in aula con la presenza diretta di un insegnante esperto. Perci\u00f2 siete tutti invitati ai corsi e seminari ISI_CNV per scoprire questo magico e affascinante mondo, in grado di portare miglioramenti e opportunit\u00e0 straordinarie alla vita di chiunque.<br \/>\n<iframe loading=\"lazy\" width=\"515\" height=\"386\" src=\"\/\/www.youtube.com\/embed\/cFdH_GLnDRA?rel=0\" frameborder=\"0\" allowfullscreen><\/iframe><\/p>\n<p style=\"text-align: justify;\"><span style=\"font-family: trebuchet ms,geneva; font-size: 22px; letter-spacing: -1px; line-height: 115%;\">Hai mai pensato di approfondire e padroneggiare queste materie?\u00a0<\/span><span style=\"font-family: trebuchet ms,geneva; font-size: 22px; letter-spacing: -1px; line-height: 115%;\">Compila il seguente modulo per ricevere tutte le indicazioni necessarie ad accedere ai nostri percorsi di formazione sia personali che professionali,<span style=\"color: #008000;\"><strong> i<span style=\"text-decoration: underline;\"> last minute di Milano, Roma e i corsi estivi in Costa Azzurra<\/span><\/strong><\/span>. <strong>Come ringraziamento per il Tuo interesse riceverai un&#8217;email con tantissime risorse gratuite da leggere e scaricare:<\/strong><\/span><\/p>\n<div class=\"yellowbox   aligncenter\" style=\"width: 450px; border-width: 3px; border-style: dashed;\">\n\n<div class=\"wpcf7 no-js\" id=\"wpcf7-f572-o1\" lang=\"it-IT\" dir=\"ltr\" data-wpcf7-id=\"572\">\n<div class=\"screen-reader-response\"><p role=\"status\" aria-live=\"polite\" aria-atomic=\"true\"><\/p> <ul><\/ul><\/div>\n<form action=\"\/blog\/wp-json\/wp\/v2\/posts\/1117#wpcf7-f572-o1\" method=\"post\" class=\"wpcf7-form init\" aria-label=\"Modulo di contatto\" novalidate=\"novalidate\" data-status=\"init\">\n<fieldset class=\"hidden-fields-container\"><input type=\"hidden\" name=\"_wpcf7\" value=\"572\" \/><input type=\"hidden\" name=\"_wpcf7_version\" value=\"6.1.5\" \/><input type=\"hidden\" name=\"_wpcf7_locale\" value=\"it_IT\" \/><input type=\"hidden\" name=\"_wpcf7_unit_tag\" value=\"wpcf7-f572-o1\" \/><input type=\"hidden\" name=\"_wpcf7_container_post\" value=\"0\" \/><input type=\"hidden\" name=\"_wpcf7_posted_data_hash\" value=\"\" \/><input type=\"hidden\" name=\"_wpcf7dtx_version\" value=\"5.0.5\" \/>\n<\/fieldset>\n<p>Il Tuo Nome (richiesto)\n<\/p>\n<p><span class=\"wpcf7-form-control-wrap\" data-name=\"your-name\"><input size=\"40\" maxlength=\"400\" class=\"wpcf7-form-control wpcf7-text wpcf7-validates-as-required\" aria-required=\"true\" aria-invalid=\"false\" value=\"\" type=\"text\" name=\"your-name\" \/><\/span>\n<\/p>\n<p>La Tua Email (richiesto)\n<\/p>\n<p><span class=\"wpcf7-form-control-wrap\" data-name=\"your-email\"><input size=\"40\" maxlength=\"400\" class=\"wpcf7-form-control wpcf7-email wpcf7-validates-as-required wpcf7-text wpcf7-validates-as-email\" aria-required=\"true\" aria-invalid=\"false\" value=\"\" type=\"email\" name=\"your-email\" \/><\/span>\n<\/p>\n<p>Telefono (richiesto)\n<\/p>\n<p><span class=\"wpcf7-form-control-wrap\" data-name=\"telefono\"><input size=\"40\" maxlength=\"400\" class=\"wpcf7-form-control wpcf7-text wpcf7-validates-as-required\" aria-required=\"true\" aria-invalid=\"false\" value=\"\" type=\"text\" name=\"telefono\" \/><\/span>\n<\/p>\n<p>Citt\u00e0\n<\/p>\n<p><span class=\"wpcf7-form-control-wrap\" data-name=\"cit\"><input size=\"40\" maxlength=\"400\" class=\"wpcf7-form-control wpcf7-text\" aria-invalid=\"false\" value=\"\" type=\"text\" name=\"cit\" \/><\/span>\n<\/p>\n<p>Professione (richiesto)\n<\/p>\n<p><span class=\"wpcf7-form-control-wrap\" data-name=\"professione\"><input size=\"40\" maxlength=\"400\" class=\"wpcf7-form-control wpcf7-text wpcf7-validates-as-required\" aria-required=\"true\" aria-invalid=\"false\" value=\"\" type=\"text\" name=\"professione\" \/><\/span>\n<\/p>\n<p>Data di nascita\n<\/p>\n<p><span class=\"wpcf7-form-control-wrap\" data-name=\"nascita\"><input size=\"40\" maxlength=\"400\" class=\"wpcf7-form-control wpcf7-text\" aria-invalid=\"false\" value=\"\" type=\"text\" name=\"nascita\" \/><\/span>\n<\/p>\n<div style=\"width:345px;\">\n\t<div style=\"float:left; width:193px; padding-right:7px; font-size:13px;\">\n\t\t<p>Hai gi\u00e0 partecipato a corsi di formazione in questo settore?\n\t\t<\/p>\n\t\t<p><span class=\"wpcf7-form-control-wrap\" data-name=\"esperienze\"><span class=\"wpcf7-form-control wpcf7-radio\"><span class=\"wpcf7-list-item first\"><input type=\"radio\" name=\"esperienze\" value=\"S\u00ec\" \/><span class=\"wpcf7-list-item-label\">S\u00ec<\/span><\/span><span class=\"wpcf7-list-item last\"><input type=\"radio\" name=\"esperienze\" value=\"No\" \/><span class=\"wpcf7-list-item-label\">No<\/span><\/span><\/span><\/span>\n\t\t<\/p>\n\t<\/div>\n\t<div style=\"float:right; width:135px; padding-left:7px; border-left:1px solid; height:75px;\">\n\t\t<p>Scegli una sede (richiesto)\n\t\t<\/p>\n\t\t<p><span class=\"wpcf7-form-control-wrap\" data-name=\"sede\"><select class=\"wpcf7-form-control wpcf7-select wpcf7-validates-as-required\" aria-required=\"true\" aria-invalid=\"false\" name=\"sede\"><option value=\"\">&#8212;Seleziona un&#039;opzione&#8212;<\/option><option value=\"Milano\">Milano<\/option><option value=\"Roma\">Roma<\/option><option value=\"Nizza\">Nizza<\/option><\/select><\/span>\n\t\t<\/p>\n\t<\/div>\n<\/div>\n<div style=\"clear:both;\">\n<\/div>\n<p>Motivazioni per cui vuoi partecipare alle nostre iniziative (richiesto):\n<\/p>\n<p><span class=\"wpcf7-form-control-wrap\" data-name=\"motivazioni\"><select class=\"wpcf7-form-control wpcf7-select wpcf7-validates-as-required\" aria-required=\"true\" aria-invalid=\"false\" name=\"motivazioni\"><option value=\"\">&#8212;Seleziona un&#039;opzione&#8212;<\/option><option value=\"Riconversione completa della propria attivit\u00e0 lavorativa\">Riconversione completa della propria attivit\u00e0 lavorativa<\/option><option value=\"Nuovo lavoro\">Nuovo lavoro<\/option><option value=\"Aggiunta di nuove abilit\u00e0\">Aggiunta di nuove abilit\u00e0<\/option><option value=\"Approfondimento professionale\">Approfondimento professionale<\/option><option value=\"Approfondimento personale \/ crescita interiore\">Approfondimento personale \/ crescita interiore<\/option><option value=\"Cultore della materia\">Cultore della materia<\/option><option value=\"Curiosit\u00e0\">Curiosit\u00e0<\/option><option value=\"Altro (specifica nel campo sottostante)\">Altro (specifica nel campo sottostante)<\/option><\/select><\/span>\n<\/p>\n<p>Esperienze precedenti \/ ulteriori motivazioni:\n<\/p>\n<p><span class=\"wpcf7-form-control-wrap\" data-name=\"your-message\"><textarea cols=\"40\" rows=\"10\" maxlength=\"2000\" class=\"wpcf7-form-control wpcf7-textarea\" aria-invalid=\"false\" name=\"your-message\"><\/textarea><\/span>\n<\/p>\n<p>Note:<br \/>\n<span class=\"wpcf7-form-control-wrap\" data-name=\"note\"><textarea cols=\"40\" rows=\"10\" maxlength=\"2000\" class=\"wpcf7-form-control wpcf7-textarea\" aria-invalid=\"false\" name=\"note\"><\/textarea><\/span><br \/>\n(compila questo campo e sarai contattato in maniera PRIORITARIA)\n<\/p>\n<div style=\"display:none; margin-bottom:0px;\">\n\t<p>[AFCF_BB getvar=\"q\"]<span class=\"wpcf7-form-control-wrap\" data-name=\"referer\"><input size=\"40\" maxlength=\"400\" class=\"wpcf7-form-control wpcf7-text\" aria-invalid=\"false\" value=\"\" type=\"text\" name=\"referer\" \/><\/span>[\/AFCF_BB]<br \/>\n<span class=\"wpcf7-form-control-wrap\" data-name=\"referer-page\"><input size=\"40\" maxlength=\"400\" class=\"wpcf7-form-control wpcf7-text referer-page\" aria-invalid=\"false\" value=\"\" type=\"text\" name=\"referer-page\" \/><\/span><br \/>\n\t<span class=\"wpcf7-form-control-wrap geoloc\" data-name=\"geoloc\"><input type=\"hidden\" name=\"geoloc\" class=\"wpcf7-form-control wpcf7-hidden wpcf7dtx wpcf7dtx-hidden\" aria-invalid=\"false\" value=\"geoloc\"><\/span>\n\t<\/p>\n<\/div>\n<p><input class=\"wpcf7-form-control wpcf7-submit has-spinner\" type=\"submit\" value=\"Invia richiesta!\" \/>\n<\/p><div class=\"wpcf7-response-output\" aria-hidden=\"true\"><\/div>\n<\/form>\n<\/div>\n\n<\/div>\n","protected":false},"excerpt":{"rendered":"<p>In questo articolo una video lezione su come capire i tipi della PNL in base ai canali sensoriali: visivo, auditivo o cenestesico. Riuscire a identificare il modo in cui una persona rappresenta la realt&agrave; all&rsquo;interno della propria mente, &egrave; molto importante per creare sintonia, per avere la sua attenzione e, perch&egrave; no, per farla anche [&hellip;]<\/p>\n","protected":false},"author":1,"featured_media":1118,"comment_status":"open","ping_status":"open","sticky":false,"template":"","format":"standard","meta":{"footnotes":""},"categories":[22],"tags":[169,91,170,168],"class_list":["post-1117","post","type-post","status-publish","format-standard","has-post-thumbnail","hentry","category-pnl3","tag-auditivo","tag-canali-sensoriali","tag-cenestesico","tag-visivo"],"yoast_head":"<!-- This site is optimized with the Yoast SEO plugin v27.2 - https:\/\/yoast.com\/product\/yoast-seo-wordpress\/ -->\n<title>Guida pratica alla PNL - Come capire i canali sensoriali &#8211; Universit\u00e9 Europ\u00e9enne - ISI-CNV<\/title>\n<meta name=\"robots\" content=\"index, follow, max-snippet:-1, max-image-preview:large, max-video-preview:-1\" \/>\n<link rel=\"canonical\" href=\"https:\/\/www.neurolinguistic.com\/blog\/guida-pratica-alla-pnl-come-capire-i-canali-sensoriali\/\" \/>\n<meta property=\"og:locale\" content=\"it_IT\" \/>\n<meta property=\"og:type\" content=\"article\" \/>\n<meta property=\"og:title\" content=\"Guida pratica alla PNL - Come capire i canali sensoriali &#8211; Universit\u00e9 Europ\u00e9enne - ISI-CNV\" \/>\n<meta property=\"og:description\" content=\"In questo articolo una video lezione su come capire i tipi della PNL in base ai canali sensoriali: visivo, auditivo o cenestesico. Riuscire a identificare il modo in cui una persona rappresenta la realt&agrave; all&rsquo;interno della propria mente, &egrave; molto importante per creare sintonia, per avere la sua attenzione e, perch&egrave; no, per farla anche [&hellip;]\" \/>\n<meta property=\"og:url\" content=\"https:\/\/www.neurolinguistic.com\/blog\/guida-pratica-alla-pnl-come-capire-i-canali-sensoriali\/\" \/>\n<meta property=\"og:site_name\" content=\"Universit\u00e9 Europ\u00e9enne - ISI-CNV\" \/>\n<meta property=\"article:publisher\" content=\"https:\/\/www.facebook.com\/ipnositecniche\" \/>\n<meta property=\"article:published_time\" content=\"2014-05-20T19:30:10+00:00\" \/>\n<meta property=\"article:modified_time\" content=\"2014-05-20T19:53:06+00:00\" \/>\n<meta property=\"og:image\" content=\"https:\/\/www.neurolinguistic.com\/blog\/wp-content\/uploads\/pnl-canali-sensoriali.jpg\" \/>\n\t<meta property=\"og:image:width\" content=\"623\" \/>\n\t<meta property=\"og:image:height\" content=\"382\" \/>\n\t<meta property=\"og:image:type\" content=\"image\/jpeg\" \/>\n<meta name=\"author\" content=\"marius\" \/>\n<meta name=\"twitter:card\" content=\"summary_large_image\" \/>\n<meta name=\"twitter:label1\" content=\"Scritto da\" \/>\n\t<meta name=\"twitter:data1\" content=\"marius\" \/>\n\t<meta name=\"twitter:label2\" content=\"Tempo di lettura stimato\" \/>\n\t<meta name=\"twitter:data2\" content=\"1 minuto\" \/>\n<script type=\"application\/ld+json\" class=\"yoast-schema-graph\">{\"@context\":\"https:\/\/schema.org\",\"@graph\":[{\"@type\":\"Article\",\"@id\":\"https:\/\/www.neurolinguistic.com\/blog\/guida-pratica-alla-pnl-come-capire-i-canali-sensoriali\/#article\",\"isPartOf\":{\"@id\":\"https:\/\/www.neurolinguistic.com\/blog\/guida-pratica-alla-pnl-come-capire-i-canali-sensoriali\/\"},\"author\":{\"name\":\"marius\",\"@id\":\"https:\/\/www.neurolinguistic.com\/blog\/#\/schema\/person\/09dfaadfe1b4add829493b3da603c973\"},\"headline\":\"Guida pratica alla PNL &#8211; Come capire i canali sensoriali\",\"datePublished\":\"2014-05-20T19:30:10+00:00\",\"dateModified\":\"2014-05-20T19:53:06+00:00\",\"mainEntityOfPage\":{\"@id\":\"https:\/\/www.neurolinguistic.com\/blog\/guida-pratica-alla-pnl-come-capire-i-canali-sensoriali\/\"},\"wordCount\":184,\"commentCount\":0,\"image\":{\"@id\":\"https:\/\/www.neurolinguistic.com\/blog\/guida-pratica-alla-pnl-come-capire-i-canali-sensoriali\/#primaryimage\"},\"thumbnailUrl\":\"https:\/\/www.neurolinguistic.com\/blog\/wp-content\/uploads\/pnl-canali-sensoriali.jpg\",\"keywords\":[\"auditivo\",\"canali sensoriali\",\"cenestesico\",\"visivo\"],\"articleSection\":[\"PNL3\"],\"inLanguage\":\"it-IT\",\"potentialAction\":[{\"@type\":\"CommentAction\",\"name\":\"Comment\",\"target\":[\"https:\/\/www.neurolinguistic.com\/blog\/guida-pratica-alla-pnl-come-capire-i-canali-sensoriali\/#respond\"]}]},{\"@type\":\"WebPage\",\"@id\":\"https:\/\/www.neurolinguistic.com\/blog\/guida-pratica-alla-pnl-come-capire-i-canali-sensoriali\/\",\"url\":\"https:\/\/www.neurolinguistic.com\/blog\/guida-pratica-alla-pnl-come-capire-i-canali-sensoriali\/\",\"name\":\"Guida pratica alla PNL - Come capire i canali sensoriali &#8211; Universit\u00e9 Europ\u00e9enne - ISI-CNV\",\"isPartOf\":{\"@id\":\"https:\/\/www.neurolinguistic.com\/blog\/#website\"},\"primaryImageOfPage\":{\"@id\":\"https:\/\/www.neurolinguistic.com\/blog\/guida-pratica-alla-pnl-come-capire-i-canali-sensoriali\/#primaryimage\"},\"image\":{\"@id\":\"https:\/\/www.neurolinguistic.com\/blog\/guida-pratica-alla-pnl-come-capire-i-canali-sensoriali\/#primaryimage\"},\"thumbnailUrl\":\"https:\/\/www.neurolinguistic.com\/blog\/wp-content\/uploads\/pnl-canali-sensoriali.jpg\",\"datePublished\":\"2014-05-20T19:30:10+00:00\",\"dateModified\":\"2014-05-20T19:53:06+00:00\",\"author\":{\"@id\":\"https:\/\/www.neurolinguistic.com\/blog\/#\/schema\/person\/09dfaadfe1b4add829493b3da603c973\"},\"breadcrumb\":{\"@id\":\"https:\/\/www.neurolinguistic.com\/blog\/guida-pratica-alla-pnl-come-capire-i-canali-sensoriali\/#breadcrumb\"},\"inLanguage\":\"it-IT\",\"potentialAction\":[{\"@type\":\"ReadAction\",\"target\":[\"https:\/\/www.neurolinguistic.com\/blog\/guida-pratica-alla-pnl-come-capire-i-canali-sensoriali\/\"]}]},{\"@type\":\"ImageObject\",\"inLanguage\":\"it-IT\",\"@id\":\"https:\/\/www.neurolinguistic.com\/blog\/guida-pratica-alla-pnl-come-capire-i-canali-sensoriali\/#primaryimage\",\"url\":\"https:\/\/www.neurolinguistic.com\/blog\/wp-content\/uploads\/pnl-canali-sensoriali.jpg\",\"contentUrl\":\"https:\/\/www.neurolinguistic.com\/blog\/wp-content\/uploads\/pnl-canali-sensoriali.jpg\",\"width\":623,\"height\":382},{\"@type\":\"BreadcrumbList\",\"@id\":\"https:\/\/www.neurolinguistic.com\/blog\/guida-pratica-alla-pnl-come-capire-i-canali-sensoriali\/#breadcrumb\",\"itemListElement\":[{\"@type\":\"ListItem\",\"position\":1,\"name\":\"Home\",\"item\":\"https:\/\/www.neurolinguistic.com\/blog\/\"},{\"@type\":\"ListItem\",\"position\":2,\"name\":\"Guida pratica alla PNL &#8211; Come capire i canali sensoriali\"}]},{\"@type\":\"WebSite\",\"@id\":\"https:\/\/www.neurolinguistic.com\/blog\/#website\",\"url\":\"https:\/\/www.neurolinguistic.com\/blog\/\",\"name\":\"Universit\u00e9 Europ\u00e9enne - ISI-CNV\",\"description\":\"Articoli, Lezioni Online, Omaggi, Video e molto altro\",\"potentialAction\":[{\"@type\":\"SearchAction\",\"target\":{\"@type\":\"EntryPoint\",\"urlTemplate\":\"https:\/\/www.neurolinguistic.com\/blog\/?s={search_term_string}\"},\"query-input\":{\"@type\":\"PropertyValueSpecification\",\"valueRequired\":true,\"valueName\":\"search_term_string\"}}],\"inLanguage\":\"it-IT\"},{\"@type\":\"Person\",\"@id\":\"https:\/\/www.neurolinguistic.com\/blog\/#\/schema\/person\/09dfaadfe1b4add829493b3da603c973\",\"name\":\"marius\",\"image\":{\"@type\":\"ImageObject\",\"inLanguage\":\"it-IT\",\"@id\":\"https:\/\/secure.gravatar.com\/avatar\/1d96c043f076b3b097a420b122920b7054454b51fbab2771a542d82e22de1fd4?s=96&d=mm&r=g\",\"url\":\"https:\/\/secure.gravatar.com\/avatar\/1d96c043f076b3b097a420b122920b7054454b51fbab2771a542d82e22de1fd4?s=96&d=mm&r=g\",\"contentUrl\":\"https:\/\/secure.gravatar.com\/avatar\/1d96c043f076b3b097a420b122920b7054454b51fbab2771a542d82e22de1fd4?s=96&d=mm&r=g\",\"caption\":\"marius\"},\"url\":\"https:\/\/www.neurolinguistic.com\/blog\/author\/marius\/\"}]}<\/script>\n<!-- \/ Yoast SEO plugin. -->","yoast_head_json":{"title":"Guida pratica alla PNL - Come capire i canali sensoriali &#8211; Universit\u00e9 Europ\u00e9enne - ISI-CNV","robots":{"index":"index","follow":"follow","max-snippet":"max-snippet:-1","max-image-preview":"max-image-preview:large","max-video-preview":"max-video-preview:-1"},"canonical":"https:\/\/www.neurolinguistic.com\/blog\/guida-pratica-alla-pnl-come-capire-i-canali-sensoriali\/","og_locale":"it_IT","og_type":"article","og_title":"Guida pratica alla PNL - Come capire i canali sensoriali &#8211; Universit\u00e9 Europ\u00e9enne - ISI-CNV","og_description":"In questo articolo una video lezione su come capire i tipi della PNL in base ai canali sensoriali: visivo, auditivo o cenestesico. Riuscire a identificare il modo in cui una persona rappresenta la realt&agrave; all&rsquo;interno della propria mente, &egrave; molto importante per creare sintonia, per avere la sua attenzione e, perch&egrave; no, per farla anche [&hellip;]","og_url":"https:\/\/www.neurolinguistic.com\/blog\/guida-pratica-alla-pnl-come-capire-i-canali-sensoriali\/","og_site_name":"Universit\u00e9 Europ\u00e9enne - ISI-CNV","article_publisher":"https:\/\/www.facebook.com\/ipnositecniche","article_published_time":"2014-05-20T19:30:10+00:00","article_modified_time":"2014-05-20T19:53:06+00:00","og_image":[{"width":623,"height":382,"url":"https:\/\/www.neurolinguistic.com\/blog\/wp-content\/uploads\/pnl-canali-sensoriali.jpg","type":"image\/jpeg"}],"author":"marius","twitter_card":"summary_large_image","twitter_misc":{"Scritto da":"marius","Tempo di lettura stimato":"1 minuto"},"schema":{"@context":"https:\/\/schema.org","@graph":[{"@type":"Article","@id":"https:\/\/www.neurolinguistic.com\/blog\/guida-pratica-alla-pnl-come-capire-i-canali-sensoriali\/#article","isPartOf":{"@id":"https:\/\/www.neurolinguistic.com\/blog\/guida-pratica-alla-pnl-come-capire-i-canali-sensoriali\/"},"author":{"name":"marius","@id":"https:\/\/www.neurolinguistic.com\/blog\/#\/schema\/person\/09dfaadfe1b4add829493b3da603c973"},"headline":"Guida pratica alla PNL &#8211; Come capire i canali sensoriali","datePublished":"2014-05-20T19:30:10+00:00","dateModified":"2014-05-20T19:53:06+00:00","mainEntityOfPage":{"@id":"https:\/\/www.neurolinguistic.com\/blog\/guida-pratica-alla-pnl-come-capire-i-canali-sensoriali\/"},"wordCount":184,"commentCount":0,"image":{"@id":"https:\/\/www.neurolinguistic.com\/blog\/guida-pratica-alla-pnl-come-capire-i-canali-sensoriali\/#primaryimage"},"thumbnailUrl":"https:\/\/www.neurolinguistic.com\/blog\/wp-content\/uploads\/pnl-canali-sensoriali.jpg","keywords":["auditivo","canali sensoriali","cenestesico","visivo"],"articleSection":["PNL3"],"inLanguage":"it-IT","potentialAction":[{"@type":"CommentAction","name":"Comment","target":["https:\/\/www.neurolinguistic.com\/blog\/guida-pratica-alla-pnl-come-capire-i-canali-sensoriali\/#respond"]}]},{"@type":"WebPage","@id":"https:\/\/www.neurolinguistic.com\/blog\/guida-pratica-alla-pnl-come-capire-i-canali-sensoriali\/","url":"https:\/\/www.neurolinguistic.com\/blog\/guida-pratica-alla-pnl-come-capire-i-canali-sensoriali\/","name":"Guida pratica alla PNL - Come capire i canali sensoriali &#8211; Universit\u00e9 Europ\u00e9enne - ISI-CNV","isPartOf":{"@id":"https:\/\/www.neurolinguistic.com\/blog\/#website"},"primaryImageOfPage":{"@id":"https:\/\/www.neurolinguistic.com\/blog\/guida-pratica-alla-pnl-come-capire-i-canali-sensoriali\/#primaryimage"},"image":{"@id":"https:\/\/www.neurolinguistic.com\/blog\/guida-pratica-alla-pnl-come-capire-i-canali-sensoriali\/#primaryimage"},"thumbnailUrl":"https:\/\/www.neurolinguistic.com\/blog\/wp-content\/uploads\/pnl-canali-sensoriali.jpg","datePublished":"2014-05-20T19:30:10+00:00","dateModified":"2014-05-20T19:53:06+00:00","author":{"@id":"https:\/\/www.neurolinguistic.com\/blog\/#\/schema\/person\/09dfaadfe1b4add829493b3da603c973"},"breadcrumb":{"@id":"https:\/\/www.neurolinguistic.com\/blog\/guida-pratica-alla-pnl-come-capire-i-canali-sensoriali\/#breadcrumb"},"inLanguage":"it-IT","potentialAction":[{"@type":"ReadAction","target":["https:\/\/www.neurolinguistic.com\/blog\/guida-pratica-alla-pnl-come-capire-i-canali-sensoriali\/"]}]},{"@type":"ImageObject","inLanguage":"it-IT","@id":"https:\/\/www.neurolinguistic.com\/blog\/guida-pratica-alla-pnl-come-capire-i-canali-sensoriali\/#primaryimage","url":"https:\/\/www.neurolinguistic.com\/blog\/wp-content\/uploads\/pnl-canali-sensoriali.jpg","contentUrl":"https:\/\/www.neurolinguistic.com\/blog\/wp-content\/uploads\/pnl-canali-sensoriali.jpg","width":623,"height":382},{"@type":"BreadcrumbList","@id":"https:\/\/www.neurolinguistic.com\/blog\/guida-pratica-alla-pnl-come-capire-i-canali-sensoriali\/#breadcrumb","itemListElement":[{"@type":"ListItem","position":1,"name":"Home","item":"https:\/\/www.neurolinguistic.com\/blog\/"},{"@type":"ListItem","position":2,"name":"Guida pratica alla PNL &#8211; Come capire i canali sensoriali"}]},{"@type":"WebSite","@id":"https:\/\/www.neurolinguistic.com\/blog\/#website","url":"https:\/\/www.neurolinguistic.com\/blog\/","name":"Universit\u00e9 Europ\u00e9enne - ISI-CNV","description":"Articoli, Lezioni Online, Omaggi, Video e molto altro","potentialAction":[{"@type":"SearchAction","target":{"@type":"EntryPoint","urlTemplate":"https:\/\/www.neurolinguistic.com\/blog\/?s={search_term_string}"},"query-input":{"@type":"PropertyValueSpecification","valueRequired":true,"valueName":"search_term_string"}}],"inLanguage":"it-IT"},{"@type":"Person","@id":"https:\/\/www.neurolinguistic.com\/blog\/#\/schema\/person\/09dfaadfe1b4add829493b3da603c973","name":"marius","image":{"@type":"ImageObject","inLanguage":"it-IT","@id":"https:\/\/secure.gravatar.com\/avatar\/1d96c043f076b3b097a420b122920b7054454b51fbab2771a542d82e22de1fd4?s=96&d=mm&r=g","url":"https:\/\/secure.gravatar.com\/avatar\/1d96c043f076b3b097a420b122920b7054454b51fbab2771a542d82e22de1fd4?s=96&d=mm&r=g","contentUrl":"https:\/\/secure.gravatar.com\/avatar\/1d96c043f076b3b097a420b122920b7054454b51fbab2771a542d82e22de1fd4?s=96&d=mm&r=g","caption":"marius"},"url":"https:\/\/www.neurolinguistic.com\/blog\/author\/marius\/"}]}},"_links":{"self":[{"href":"https:\/\/www.neurolinguistic.com\/blog\/wp-json\/wp\/v2\/posts\/1117","targetHints":{"allow":["GET"]}}],"collection":[{"href":"https:\/\/www.neurolinguistic.com\/blog\/wp-json\/wp\/v2\/posts"}],"about":[{"href":"https:\/\/www.neurolinguistic.com\/blog\/wp-json\/wp\/v2\/types\/post"}],"author":[{"embeddable":true,"href":"https:\/\/www.neurolinguistic.com\/blog\/wp-json\/wp\/v2\/users\/1"}],"replies":[{"embeddable":true,"href":"https:\/\/www.neurolinguistic.com\/blog\/wp-json\/wp\/v2\/comments?post=1117"}],"version-history":[{"count":0,"href":"https:\/\/www.neurolinguistic.com\/blog\/wp-json\/wp\/v2\/posts\/1117\/revisions"}],"wp:featuredmedia":[{"embeddable":true,"href":"https:\/\/www.neurolinguistic.com\/blog\/wp-json\/wp\/v2\/media\/1118"}],"wp:attachment":[{"href":"https:\/\/www.neurolinguistic.com\/blog\/wp-json\/wp\/v2\/media?parent=1117"}],"wp:term":[{"taxonomy":"category","embeddable":true,"href":"https:\/\/www.neurolinguistic.com\/blog\/wp-json\/wp\/v2\/categories?post=1117"},{"taxonomy":"post_tag","embeddable":true,"href":"https:\/\/www.neurolinguistic.com\/blog\/wp-json\/wp\/v2\/tags?post=1117"}],"curies":[{"name":"wp","href":"https:\/\/api.w.org\/{rel}","templated":true}]}}